{"id":2216,"date":"2025-10-07T13:14:59","date_gmt":"2025-10-07T11:14:59","guid":{"rendered":"https:\/\/villeurbanne-insoumise-ensemble.fr\/?p=2216"},"modified":"2025-10-07T13:15:00","modified_gmt":"2025-10-07T11:15:00","slug":"sante-scolaire-un-desengagement-de-letat-a-villeurbanne","status":"publish","type":"post","link":"https:\/\/villeurbanne-insoumise-ensemble.fr\/?p=2216","title":{"rendered":"Sant\u00e9 scolaire : un d\u00e9sengagement de l\u2019\u00c9tat \u00e0 Villeurbanne ?"},"content":{"rendered":"\n<p><em>Par Agathe FORT<\/em><\/p>\n\n\n\n<figure class=\"wp-block-embed is-type-video is-provider-youtube wp-block-embed-youtube wp-embed-aspect-16-9 wp-has-aspect-ratio\"><div class=\"wp-block-embed__wrapper\">\n<iframe loading=\"lazy\" title=\"Agathe FORT - Sant\u00e9 scolaire : un d\u00e9sengagement de l\u2019\u00c9tat \u00e0 Villeurbanne ?\" width=\"640\" height=\"360\" src=\"https:\/\/www.youtube.com\/embed\/CMyWFb364og?feature=oembed\" frameborder=\"0\" allow=\"accelerometer; autoplay; clipboard-write; encrypted-media; gyroscope; picture-in-picture; web-share\" referrerpolicy=\"strict-origin-when-cross-origin\" allowfullscreen><\/iframe>\n<\/div><\/figure>\n\n\n\n<p>J\u2019ai tenu \u00e0 prendre la parole sur ce rapport pour vous en expliquer les enjeux, avant de r\u00e9pondre \u00e0 l\u2019intervention de ma coll\u00e8gue.<\/p>\n\n\n\n<p>Pour vous expliquer les enjeux de ce rapport, je vais vous partager quelques chiffres que je vais arrondir, mais qui ne trahissent pas les ordres de grandeur.<\/p>\n\n\n\n<p>Notre service de sant\u00e9 scolaire s&#8217;occupe d&#8217;environ 12 000 \u00e9l\u00e8ves.<\/p>\n\n\n\n<p>Oui, il va falloir suivre un peu, je sais que les chiffres \u00e7a ne parle pas \u00e0 tout le monde. Je vais essayer d\u2019y aller tranquillement pour que vous puissiez bien prendre conscience de ces chiffres.<\/p>\n\n\n\n<p>Donc, 12&nbsp;000 \u00e9l\u00e8ves. Villeurbanne d\u00e9pense plus de 800 000\u20ac pour la sant\u00e9 scolaire, soit plus de 65\u20ac par \u00e9l\u00e8ve. On peut ici souligner l&#8217;engagement de longue date de la ville pour la sant\u00e9 de nos \u00e9l\u00e8ves.<\/p>\n\n\n\n<p>L\u2019\u00c9ducation Nationale investit 40\u20ac par \u00e9l\u00e8ve pour la sant\u00e9 scolaire au niveau national. Donc, si vous suivez bien, Villeurbanne investit 25\u20ac de plus.<\/p>\n\n\n\n<p>L\u2019\u00c9ducation Nationale, cette ann\u00e9e, va nous accorder une subvention pour cette d\u00e9l\u00e9gation de comp\u00e9tences. Donc, elle donne 40\u20ac par \u00e9l\u00e8ve&nbsp;; \u00e0 Villeurbanne, nous avons pris cette comp\u00e9tence et donc l\u2019\u00e9ducation nationale nous verse une subvention pour assurer cette comp\u00e9tence qu\u2019elle assure dans les autres communes.<\/p>\n\n\n\n<p>Cette ann\u00e9e, elle va s&#8217;\u00e9lever \u00e0 64 291 euros, soit \u00e0 peine 5\u20ac par \u00e9l\u00e8ve, ce qui repr\u00e9sente moins de 8% des co\u00fbts de notre sant\u00e9 scolaire, mais surtout 87,5% de moins pour un \u00e9l\u00e8ve villeurbannais que pour un \u00e9l\u00e8ve non villeurbannais.<\/p>\n\n\n\n<p>Alors, notre politique volontariste en faveur de la sant\u00e9 de nos \u00e9l\u00e8ves, en particulier issus des foyers les plus fragiles, est-elle un pr\u00e9texte \u00e0 un d\u00e9sengagement de l\u2019\u00c9tat \u00e0 Villeurbanne&nbsp;? La question reste ouverte.<\/p>\n","protected":false},"excerpt":{"rendered":"<p>Par Agathe FORT J\u2019ai tenu \u00e0 prendre la parole sur ce rapport pour vous en expliquer les enjeux, avant de r\u00e9pondre \u00e0 l\u2019intervention de ma coll\u00e8gue. Pour vous expliquer les enjeux de ce rapport, je vais vous partager quelques chiffres que je vais arrondir, mais qui ne trahissent pas les ordres de grandeur. Notre service&#8230;<\/p>\n","protected":false},"author":1,"featured_media":0,"comment_status":"open","ping_status":"open","sticky":false,"template":"","format":"standard","meta":[],"categories":[196,7],"tags":[195,140],"_links":{"self":[{"href":"https:\/\/villeurbanne-insoumise-ensemble.fr\/index.php?rest_route=\/wp\/v2\/posts\/2216"}],"collection":[{"href":"https:\/\/villeurbanne-insoumise-ensemble.fr\/index.php?rest_route=\/wp\/v2\/posts"}],"about":[{"href":"https:\/\/villeurbanne-insoumise-ensemble.fr\/index.php?rest_route=\/wp\/v2\/types\/post"}],"author":[{"embeddable":true,"href":"https:\/\/villeurbanne-insoumise-ensemble.fr\/index.php?rest_route=\/wp\/v2\/users\/1"}],"replies":[{"embeddable":true,"href":"https:\/\/villeurbanne-insoumise-ensemble.fr\/index.php?rest_route=%2Fwp%2Fv2%2Fcomments&post=2216"}],"version-history":[{"count":3,"href":"https:\/\/villeurbanne-insoumise-ensemble.fr\/index.php?rest_route=\/wp\/v2\/posts\/2216\/revisions"}],"predecessor-version":[{"id":2226,"href":"https:\/\/villeurbanne-insoumise-ensemble.fr\/index.php?rest_route=\/wp\/v2\/posts\/2216\/revisions\/2226"}],"wp:attachment":[{"href":"https:\/\/villeurbanne-insoumise-ensemble.fr\/index.php?rest_route=%2Fwp%2Fv2%2Fmedia&parent=2216"}],"wp:term":[{"taxonomy":"category","embeddable":true,"href":"https:\/\/villeurbanne-insoumise-ensemble.fr\/index.php?rest_route=%2Fwp%2Fv2%2Fcategories&post=2216"},{"taxonomy":"post_tag","embeddable":true,"href":"https:\/\/villeurbanne-insoumise-ensemble.fr\/index.php?rest_route=%2Fwp%2Fv2%2Ftags&post=2216"}],"curies":[{"name":"wp","href":"https:\/\/api.w.org\/{rel}","templated":true}]}}