{"id":2214,"date":"2025-10-07T13:14:41","date_gmt":"2025-10-07T11:14:41","guid":{"rendered":"https:\/\/villeurbanne-insoumise-ensemble.fr\/?p=2214"},"modified":"2025-10-07T13:14:42","modified_gmt":"2025-10-07T11:14:42","slug":"portons-fierement-ce-combat","status":"publish","type":"post","link":"https:\/\/villeurbanne-insoumise-ensemble.fr\/?p=2214","title":{"rendered":"Portons fi\u00e8rement ce combat !"},"content":{"rendered":"\n<p><em>Par Mathieu GARABEDIAN<\/em><\/p>\n\n\n\n<figure class=\"wp-block-embed is-type-video is-provider-youtube wp-block-embed-youtube wp-embed-aspect-16-9 wp-has-aspect-ratio\"><div class=\"wp-block-embed__wrapper\">\n<iframe loading=\"lazy\" title=\"Mathieu GARABEDIAN - Portons fi\u00e8rement ce combat !\" width=\"640\" height=\"360\" src=\"https:\/\/www.youtube.com\/embed\/nbtg3A5KrIo?feature=oembed\" frameborder=\"0\" allow=\"accelerometer; autoplay; clipboard-write; encrypted-media; gyroscope; picture-in-picture; web-share\" referrerpolicy=\"strict-origin-when-cross-origin\" allowfullscreen><\/iframe>\n<\/div><\/figure>\n\n\n\n<p>Ce rapport est une occasion de parler des discriminations. Elles sont aujourd\u2019hui une violence intol\u00e9rable dans la vie de trop de villeurbannais et de villeurbannaises.<\/p>\n\n\n\n<p>Pour mieux les combattre, il faut \u00e9videmment des moyens financiers, mat\u00e9riels, humains en plus du plan mis en place par la Ville. L\u2019argent de la DILCRAH va donc nous permettre d\u2019avancer sur notre projet de maison de l\u2019\u00e9galit\u00e9 des droits et de la lutte contre les discriminations.<\/p>\n\n\n\n<p>Les discriminations et les violences physiques ont explos\u00e9 ces derni\u00e8res ann\u00e9es d\u2019une mani\u00e8re extr\u00eamement inqui\u00e9tante. Encore r\u00e9cemment, nous avons vu ici m\u00eame les attaques graves li\u00e9es \u00e0 l\u2019origine ou \u00e0 la religion suppos\u00e9e des victimes. Je pense \u00e0 l\u2019agression raciste qui a eu lieu \u00e0 Lyon, vendredi 26 septembre dernier, contre trois artistes de la biennale de la danse, frapp\u00e9\u00b7es du fait de leur couleur de peau. Je pense au Coran br\u00fbl\u00e9 dans une mosqu\u00e9e de Villeurbanne en juin dernier, ou encore \u00e0 la pol\u00e9mique putride lanc\u00e9e par l\u2019extr\u00eame-droite \u00e0 Strasbourg contre une femme qui porte le voile pr\u00e9sente sur une affiche. Je pense aux agressions antis\u00e9mites qui ont eu lieu au printemps dernier \u00e0 Villeurbanne, ou \u00e0 la plaque en hommage aux justes arrach\u00e9e cet \u00e9t\u00e9.<\/p>\n\n\n\n<p>La haine religieuse se traduit en chiffres. La direction nationale du renseignement territorial a d\u00e9nombr\u00e9 1676 actes antis\u00e9mites en 2023 contre 436 en 2022. Ce n\u2019est malheureusement pas \u00e9tonnant dans une France qui vote de plus en plus pour l\u2019extr\u00eame droite. Rappelons que ce sont les sympathisants d\u2019extr\u00eame-droite qui (et je cite la Commission Nationale Consultative des Droits de l\u2019Homme)&nbsp;\u00ab&nbsp;<em>restent les plus enclins \u00e0 se montrer d\u2019accord avec ces pr\u00e9jug\u00e9s antis\u00e9mites traditionnels&nbsp;<\/em>\u00bb.<\/p>\n\n\n\n<p>L\u2019islamophobie a elle aussi explos\u00e9. Je vous invite \u00e0 lire l\u2019enqu\u00eate IFOP cette fois-ci, command\u00e9e par la grande mosqu\u00e9e de Paris. Quelques enseignements&nbsp;:<\/p>\n\n\n\n<ul><li>66% des Fran\u00e7ais musulmans ont fait l\u2019objet de comportements racistes ces cinq derni\u00e8res ann\u00e9es, contre 20% en moyenne chez l\u2019ensemble des Fran\u00e7ais.<\/li><li>51% des musulmans ont d\u00e9j\u00e0 \u00e9t\u00e9 discrimin\u00e9s lors d\u2019une recherche d\u2019un emploi ou d\u2019un contr\u00f4le par les forces de l\u2019ordre, contre 7% en moyenne chez les croyants des autres religions.<\/li><li>Les femmes voil\u00e9es sont particuli\u00e8rement discrimin\u00e9es puisque 60% d&#8217;entre elles l&#8217;ont \u00e9t\u00e9 \u00e0 la recherche d&#8217;un emploi.<\/li><li>Plus de 50% des musulmans craignent d&#8217;\u00eatre agress\u00e9\u00b7es en raison de leur religion, et ce chiffre monte \u00e0 66% pour les femmes voil\u00e9es.<\/li><\/ul>\n\n\n\n<p>Je ne crois pas que ce soit faire du client\u00e9lisme que de rappeler ces chiffres et de pouvoir se battre contre ces discriminations.<\/p>\n\n\n\n<p>La lutte contre les discriminations doit \u00eatre port\u00e9e politiquement et financ\u00e9e nationalement. L\u2019extr\u00eame-droite est en embuscade. Nous devons tout faire pour la contrer et faire vivre l\u2019\u00e9galit\u00e9. Portons fi\u00e8rement ce combat&nbsp;!<\/p>\n","protected":false},"excerpt":{"rendered":"<p>Par Mathieu GARABEDIAN Ce rapport est une occasion de parler des discriminations. Elles sont aujourd\u2019hui une violence intol\u00e9rable dans la vie de trop de villeurbannais et de villeurbannaises. Pour mieux les combattre, il faut \u00e9videmment des moyens financiers, mat\u00e9riels, humains en plus du plan mis en place par la Ville. L\u2019argent de la DILCRAH va&#8230;<\/p>\n","protected":false},"author":1,"featured_media":0,"comment_status":"open","ping_status":"open","sticky":false,"template":"","format":"standard","meta":[],"categories":[196,7],"tags":[57],"_links":{"self":[{"href":"https:\/\/villeurbanne-insoumise-ensemble.fr\/index.php?rest_route=\/wp\/v2\/posts\/2214"}],"collection":[{"href":"https:\/\/villeurbanne-insoumise-ensemble.fr\/index.php?rest_route=\/wp\/v2\/posts"}],"about":[{"href":"https:\/\/villeurbanne-insoumise-ensemble.fr\/index.php?rest_route=\/wp\/v2\/types\/post"}],"author":[{"embeddable":true,"href":"https:\/\/villeurbanne-insoumise-ensemble.fr\/index.php?rest_route=\/wp\/v2\/users\/1"}],"replies":[{"embeddable":true,"href":"https:\/\/villeurbanne-insoumise-ensemble.fr\/index.php?rest_route=%2Fwp%2Fv2%2Fcomments&post=2214"}],"version-history":[{"count":3,"href":"https:\/\/villeurbanne-insoumise-ensemble.fr\/index.php?rest_route=\/wp\/v2\/posts\/2214\/revisions"}],"predecessor-version":[{"id":2225,"href":"https:\/\/villeurbanne-insoumise-ensemble.fr\/index.php?rest_route=\/wp\/v2\/posts\/2214\/revisions\/2225"}],"wp:attachment":[{"href":"https:\/\/villeurbanne-insoumise-ensemble.fr\/index.php?rest_route=%2Fwp%2Fv2%2Fmedia&parent=2214"}],"wp:term":[{"taxonomy":"category","embeddable":true,"href":"https:\/\/villeurbanne-insoumise-ensemble.fr\/index.php?rest_route=%2Fwp%2Fv2%2Fcategories&post=2214"},{"taxonomy":"post_tag","embeddable":true,"href":"https:\/\/villeurbanne-insoumise-ensemble.fr\/index.php?rest_route=%2Fwp%2Fv2%2Ftags&post=2214"}],"curies":[{"name":"wp","href":"https:\/\/api.w.org\/{rel}","templated":true}]}}