{"id":2211,"date":"2025-10-07T13:15:19","date_gmt":"2025-10-07T11:15:19","guid":{"rendered":"https:\/\/villeurbanne-insoumise-ensemble.fr\/?p=2211"},"modified":"2025-10-07T13:15:19","modified_gmt":"2025-10-07T11:15:19","slug":"les-discriminations-ne-sont-pas-une-question-dopinion","status":"publish","type":"post","link":"https:\/\/villeurbanne-insoumise-ensemble.fr\/?p=2211","title":{"rendered":"Les discriminations ne sont pas une question d&#8217;opinion !"},"content":{"rendered":"\n<p><em>Par Agathe FORT<\/em><\/p>\n\n\n\n<figure class=\"wp-block-embed is-type-video is-provider-youtube wp-block-embed-youtube wp-embed-aspect-16-9 wp-has-aspect-ratio\"><div class=\"wp-block-embed__wrapper\">\n<iframe loading=\"lazy\" title=\"Agathe FORT - Les discriminations ne sont pas une question d\u2019opinion !\" width=\"640\" height=\"360\" src=\"https:\/\/www.youtube.com\/embed\/u4QVW6tWGd8?feature=oembed\" frameborder=\"0\" allow=\"accelerometer; autoplay; clipboard-write; encrypted-media; gyroscope; picture-in-picture; web-share\" referrerpolicy=\"strict-origin-when-cross-origin\" allowfullscreen><\/iframe>\n<\/div><\/figure>\n\n\n\n<p>Je vous propose de voter en faveur de la signature de la convention avec la DILCRAH, la d\u00e9l\u00e9gation interminist\u00e9rielle \u00e0 la lutte contre le racisme, l&#8217;antis\u00e9mitisme et la haine anti-LGBT, afin de pouvoir coordonner nos objectifs communs.<\/p>\n\n\n\n<p>Dans un contexte d&#8217;augmentation des discriminations et des violences, il reste primordial de lutter activement pour l&#8217;\u00e9galit\u00e9 de toutes et tous. Lutter contre les violences est essentiel. Toutefois, les discriminations sont le terreau de ces violences, et elles constituent des ruptures d&#8217;\u00e9galit\u00e9 ill\u00e9gales qui fa\u00e7onnent les destin\u00e9es des victimes. Car il est toujours n\u00e9cessaire de le rappeler&nbsp;: les discriminations ne sont pas une question d&#8217;opinions, mais des d\u00e9lits&nbsp;!<\/p>\n\n\n\n<p>A Villeurbanne, nous poursuivons cette lutte contre toutes les discriminations, qu&#8217;elles soient li\u00e9es au genre et \u00e0 l&#8217;orientation sexuelle, au handicap, ou aux crit\u00e8res ethno-raciales, c&#8217;est-\u00e0-dire \u00e0 la religion et \u00e0 l&#8217;origine suppos\u00e9e, qui sont encore les plus tabous et ni\u00e9s. L&#8217;objectif est d&#8217;am\u00e9liorer l&#8217;\u00e9galit\u00e9 dans tous les domaines, pour tous les crit\u00e8res, au plus proche des situations v\u00e9cues par les victimes, qui sont parfois \u00e0 la crois\u00e9e de plusieurs crit\u00e8res de discriminations, et\/ou d&#8217;in\u00e9galit\u00e9s socio-\u00e9conomiques.<\/p>\n\n\n\n<p>Notre plan d&#8217;action a 2 grandes lignes directrices&nbsp;:<\/p>\n\n\n\n<ul><li>Tout d&#8217;abord, les changements de pratiques, de processus collectifs, dans une approche syst\u00e9mique, car les discriminations se coproduisent le plus souvent de fa\u00e7on inconsciente et sans volont\u00e9 de nuire. C&#8217;est donc un travail collectif qui est \u00e0 mener sur nos outils, et nos pratiques. Nous avons fait plusieurs plans d&#8217;actions th\u00e9matiques, sur le logement, l&#8217;emploi, l&#8217;orientation scolaire, et nous travaillons actuellement avec les partenaires du monde de la sant\u00e9 pour lutter contre les discriminations dans l&#8217;acc\u00e8s aux soins, tout en agissant sur les cons\u00e9quences sur la sant\u00e9 physique et mentale que les discriminations produisent.<\/li><\/ul>\n\n\n\n<ul><li>L&#8217;autre pilier de notre action municipale est le soutien aux victimes et la mobilisation du droit de la non-discrimination, avec les citoyens et citoyennes, les partenaires associatifs et institutionnels. C&#8217;est dans ce cadre que le projet de Maison de l&#8217;\u00e9galit\u00e9 et la lutte contre les discriminations prend tout son sens. Car le droit de la discrimination, bien que complet et tr\u00e8s clair, est peu saisi par les victimes. Les victimes ont le droit \u00e0 la justice, \u00e0 la r\u00e9paration du pr\u00e9judice subi. La ville souhaite encourager les recours collectifs, autant pour les victimes que pour le levier transformateur qu&#8217;ils peuvent \u00eatre.<\/li><\/ul>\n\n\n\n<p>Je tiens \u00e0 vous informer que le site de la ville, <a href=\"http:\/\/avecvouscontrelesdiscriminations.villeurbanne.fr\" title=\"avecvouscontrelesdiscriminations.villeurbanne.fr\">avecvouscontrelesdiscriminations.villeurbanne.fr<\/a>, est en ligne depuis le d\u00e9but de l&#8217;\u00e9t\u00e9, et qu&#8217;il rassemble les informations pratiques pour se saisir du droit. Vous pourrez \u00e9galement y trouver le clip qui accompagne ce site, qui a \u00e9t\u00e9 fait par des artistes villeurbannais et villeurbannaises en lien avec l&#8217;ENM.<\/p>\n","protected":false},"excerpt":{"rendered":"<p>Par Agathe FORT Je vous propose de voter en faveur de la signature de la convention avec la DILCRAH, la d\u00e9l\u00e9gation interminist\u00e9rielle \u00e0 la lutte contre le racisme, l&#8217;antis\u00e9mitisme et la haine anti-LGBT, afin de pouvoir coordonner nos objectifs communs. Dans un contexte d&#8217;augmentation des discriminations et des violences, il reste primordial de lutter activement&#8230;<\/p>\n","protected":false},"author":1,"featured_media":0,"comment_status":"open","ping_status":"open","sticky":false,"template":"","format":"standard","meta":[],"categories":[196,7],"tags":[57],"_links":{"self":[{"href":"https:\/\/villeurbanne-insoumise-ensemble.fr\/index.php?rest_route=\/wp\/v2\/posts\/2211"}],"collection":[{"href":"https:\/\/villeurbanne-insoumise-ensemble.fr\/index.php?rest_route=\/wp\/v2\/posts"}],"about":[{"href":"https:\/\/villeurbanne-insoumise-ensemble.fr\/index.php?rest_route=\/wp\/v2\/types\/post"}],"author":[{"embeddable":true,"href":"https:\/\/villeurbanne-insoumise-ensemble.fr\/index.php?rest_route=\/wp\/v2\/users\/1"}],"replies":[{"embeddable":true,"href":"https:\/\/villeurbanne-insoumise-ensemble.fr\/index.php?rest_route=%2Fwp%2Fv2%2Fcomments&post=2211"}],"version-history":[{"count":4,"href":"https:\/\/villeurbanne-insoumise-ensemble.fr\/index.php?rest_route=\/wp\/v2\/posts\/2211\/revisions"}],"predecessor-version":[{"id":2227,"href":"https:\/\/villeurbanne-insoumise-ensemble.fr\/index.php?rest_route=\/wp\/v2\/posts\/2211\/revisions\/2227"}],"wp:attachment":[{"href":"https:\/\/villeurbanne-insoumise-ensemble.fr\/index.php?rest_route=%2Fwp%2Fv2%2Fmedia&parent=2211"}],"wp:term":[{"taxonomy":"category","embeddable":true,"href":"https:\/\/villeurbanne-insoumise-ensemble.fr\/index.php?rest_route=%2Fwp%2Fv2%2Fcategories&post=2211"},{"taxonomy":"post_tag","embeddable":true,"href":"https:\/\/villeurbanne-insoumise-ensemble.fr\/index.php?rest_route=%2Fwp%2Fv2%2Ftags&post=2211"}],"curies":[{"name":"wp","href":"https:\/\/api.w.org\/{rel}","templated":true}]}}