{"id":2204,"date":"2025-10-01T02:00:00","date_gmt":"2025-10-01T00:00:00","guid":{"rendered":"https:\/\/villeurbanne-insoumise-ensemble.fr\/?p=2204"},"modified":"2025-09-29T14:42:49","modified_gmt":"2025-09-29T12:42:49","slug":"la-ve-a-fait-son-temps-vite-la-vie-republique","status":"publish","type":"post","link":"https:\/\/villeurbanne-insoumise-ensemble.fr\/?p=2204","title":{"rendered":"La Ve a fait son temps : vite la VIe R\u00e9publique !"},"content":{"rendered":"\n<p>Nouvelle crise politique pour une crise de r\u00e9gime infinie. Ce n\u2019est pas un\u00b7e nouveau\u00b7elle Premier\u00b7re Ministre qui changera la donne&nbsp;: la V<sup>e<\/sup> R\u00e9publique est mourante et son fonctionnement n\u2019est plus l\u00e9gitime. Les mouvements populaires r\u00e9cents en sont la preuve. Nuit debout, Gilets Jaunes, retraites et maintenant 10 septembre&nbsp;: quand le Parlement n\u2019est plus respect\u00e9, quand les citoyen\u00b7nes ne sont plus \u00e9cout\u00e9\u00b7es, le seul moyen qu\u2019il leur reste est la rue.<\/p>\n\n\n\n<p>Avec l\u2019aspiration \u00e0 une d\u00e9mocratie directe et l\u2019\u00e9volution de la soci\u00e9t\u00e9, la Constitution de 1958 est toujours plus anachronique. Elle a \u00e9t\u00e9 \u00e9crite par des hommes et pour des hommes, quand les femmes n\u2019avaient encore pas les m\u00eames droits qu\u2019eux. Elle donne les moyens au gouvernement de contourner le Parlement (art. 49.3, 44.3, motions de rejets pr\u00e9alables d\u00e9tourn\u00e9es\u2026), n\u2019offre aucun moyen de contr\u00f4le sur le Pr\u00e9sident de la R\u00e9publique, qui n\u2019a de comptes \u00e0 rendre \u00e0 personne sur sa politique m\u00eame si elle est contraire \u00e0 ses engagements.<\/p>\n\n\n\n<p>Ces r\u00e8gles du jeu creusent l\u2019\u00e9cart entre le personnel politique et les citoyen\u00b7nes en produisant toujours plus d\u2019abstention chez celles et ceux qui, d\u00e9go\u00fbt\u00e9es que leur voix ne soit pas prise en compte, cessent de croire que tout pourrait changer.<\/p>\n\n\n\n<p>Le socle commun qui nous permet de faire soci\u00e9t\u00e9 doit \u00eatre revu&nbsp;: pour cela, la V<sup>e<\/sup> doit \u00eatre abolie et laisser la place \u00e0 la VI<sup>e<\/sup> R\u00e9publique, d\u00e9cid\u00e9e par le peuple via une Assembl\u00e9e constituante.<\/p>\n\n\n\n<p>L\u2019exp\u00e9rience du Chili peut nous inspirer&nbsp;: cette nouvelle Constitution doit \u00eatre un cheminement collectif, de grande ampleur, et repr\u00e9sentatif. Les communes pourraient \u00eatre plac\u00e9es au c\u0153ur du processus comme \u00e9chelon de proximit\u00e9 et contribuer \u00e0 faire remonter les demandes. Nous d\u00e9ciderions \u00e0 la fois du fonctionnement de nos institutions, du r\u00f4le des citoyen\u00b7nes, mais aussi des droits inali\u00e9nables&nbsp;: d\u00e9mocratie, sant\u00e9, \u00e9ducation, environnement, travail, libert\u00e9 d\u2019information, et plus encore.<\/p>\n\n\n\n<p>Pas de changement sans mouvement populaire&nbsp;: mobilisons-nous&nbsp;!<\/p>\n","protected":false},"excerpt":{"rendered":"<p>Nouvelle crise politique pour une crise de r\u00e9gime infinie. Ce n\u2019est pas un\u00b7e nouveau\u00b7elle Premier\u00b7re Ministre qui changera la donne&nbsp;: la Ve R\u00e9publique est mourante et son fonctionnement n\u2019est plus l\u00e9gitime. Les mouvements populaires r\u00e9cents en sont la preuve. Nuit debout, Gilets Jaunes, retraites et maintenant 10 septembre&nbsp;: quand le Parlement n\u2019est plus respect\u00e9, quand&#8230;<\/p>\n","protected":false},"author":1,"featured_media":0,"comment_status":"open","ping_status":"open","sticky":false,"template":"","format":"standard","meta":[],"categories":[197,17],"tags":[],"_links":{"self":[{"href":"https:\/\/villeurbanne-insoumise-ensemble.fr\/index.php?rest_route=\/wp\/v2\/posts\/2204"}],"collection":[{"href":"https:\/\/villeurbanne-insoumise-ensemble.fr\/index.php?rest_route=\/wp\/v2\/posts"}],"about":[{"href":"https:\/\/villeurbanne-insoumise-ensemble.fr\/index.php?rest_route=\/wp\/v2\/types\/post"}],"author":[{"embeddable":true,"href":"https:\/\/villeurbanne-insoumise-ensemble.fr\/index.php?rest_route=\/wp\/v2\/users\/1"}],"replies":[{"embeddable":true,"href":"https:\/\/villeurbanne-insoumise-ensemble.fr\/index.php?rest_route=%2Fwp%2Fv2%2Fcomments&post=2204"}],"version-history":[{"count":1,"href":"https:\/\/villeurbanne-insoumise-ensemble.fr\/index.php?rest_route=\/wp\/v2\/posts\/2204\/revisions"}],"predecessor-version":[{"id":2205,"href":"https:\/\/villeurbanne-insoumise-ensemble.fr\/index.php?rest_route=\/wp\/v2\/posts\/2204\/revisions\/2205"}],"wp:attachment":[{"href":"https:\/\/villeurbanne-insoumise-ensemble.fr\/index.php?rest_route=%2Fwp%2Fv2%2Fmedia&parent=2204"}],"wp:term":[{"taxonomy":"category","embeddable":true,"href":"https:\/\/villeurbanne-insoumise-ensemble.fr\/index.php?rest_route=%2Fwp%2Fv2%2Fcategories&post=2204"},{"taxonomy":"post_tag","embeddable":true,"href":"https:\/\/villeurbanne-insoumise-ensemble.fr\/index.php?rest_route=%2Fwp%2Fv2%2Ftags&post=2204"}],"curies":[{"name":"wp","href":"https:\/\/api.w.org\/{rel}","templated":true}]}}