{"id":220,"date":"2021-07-06T10:46:36","date_gmt":"2021-07-06T08:46:36","guid":{"rendered":"http:\/\/villeurbanne-insoumise-ensemble.fr\/?p=220"},"modified":"2023-11-22T16:06:33","modified_gmt":"2023-11-22T15:06:33","slug":"nous-saluons-larrivee-du-budget-participatif","status":"publish","type":"post","link":"https:\/\/villeurbanne-insoumise-ensemble.fr\/?p=220","title":{"rendered":"Nous saluons l&#8217;arriv\u00e9e du budget participatif !"},"content":{"rendered":"\n<p><em>Par Mathieu Garabedian<\/em><\/p>\n\n\n\n<figure class=\"wp-block-embed is-type-video is-provider-youtube wp-block-embed-youtube wp-embed-aspect-16-9 wp-has-aspect-ratio\"><div class=\"wp-block-embed__wrapper\">\n<iframe loading=\"lazy\" title=\"Mathieu Garabedian - Intervention - Budget participatif\" width=\"640\" height=\"360\" src=\"https:\/\/www.youtube.com\/embed\/i8fJDgOfBlg?feature=oembed\" frameborder=\"0\" allow=\"accelerometer; autoplay; clipboard-write; encrypted-media; gyroscope; picture-in-picture\" allowfullscreen><\/iframe>\n<\/div><\/figure>\n\n\n\n<p>En 1989, un nouvel ex\u00e9cutif issu du Parti des Travailleurs de la ville de Porto Alegre lance le premier budget participatif. Ce nouvel outil de la d\u00e9mocratie locale doit permettre de red\u00e9finir le r\u00f4le politique et social des citoyens et citoyennes. Les premi\u00e8res r\u00e9unions n\u2019attirent pas grand monde et pourtant, assez rapidement, les habitants des couches les plus populaires, traditionnellement en retrait des processus d\u00e9mocratiques, se mettent \u00e0 s\u2019int\u00e9resser \u00e0 cette initiative. Ils y trouvent un moyen efficace pour une redistribution r\u00e9elle des richesses et la lutte pour une justice sociale. En quelques ann\u00e9es, c\u2019est notamment le raccordement au r\u00e9seau d\u2019assainissement et la construction de nouvelles habitations qui est permis pour de nombreux foyers populaires.<\/p>\n\n\n\n<p><br>Cet exemple historique a un retentissement important notamment dans la construction des mouvements altermondialistes et arrive en Europe quelques ann\u00e9es plus tard.<\/p>\n\n\n\n<p><br>La d\u00e9lib\u00e9ration d\u2019aujourd\u2019hui lance donc cette initiative sur Villeurbanne. Et nous esp\u00e9rons que comme \u00e0 Porto Alegre, les habitants et habitantes se saisiront de cet outil, le transformeront m\u00eame et participeront ainsi plus directement \u00e0 l\u2019\u00e9volution et \u00e0 l\u2019am\u00e9nagement de Villeurbanne. \u00c0 l\u2019heure d\u2019une abstention \u00e9lectorale massive, donner un r\u00f4le actif aux citoyens dans la fabrique de la ville et dans la vie de quartier est primordial.<\/p>\n\n\n\n<p><br>Mais comment nous assurer que tous souhaiteront et pourront participer ?<\/p>\n\n\n\n<p><br>Nous pensons, tout d\u2019abord, qu\u2019un montant cons\u00e9quent est essentiel. 6 millions d\u2019euros sur le mandat, c\u2019est bien s\u00fbr beaucoup et c\u2019est un tr\u00e8s beau d\u00e9but, mais c\u2019est finalement loin de notre budget d\u2019investissement global. Il sera tr\u00e8s int\u00e9ressant de voir comment les citoyens et citoyennes s\u2019empareront de cet outil et qui sait, demain, d\u2019imaginer que le budget municipal soit partag\u00e9 \u00e0 hauteur de plusieurs dizaines de millions d\u2019euros avec les habitants ?<\/p>\n\n\n\n<p><br>La qualit\u00e9 des instances de gouvernance, de contr\u00f4le et de d\u00e9cision est \u00e9galement un enjeu majeur. Aujourd\u2019hui lanc\u00e9 dans une phase pr\u00e9figurative, le budget participatif sera demain \u00e9tudi\u00e9 par l\u2019Assembl\u00e9e citoyenne, pilier important de notre politique de d\u00e9mocratie locale. L\u2019articulation entre ces deux objets d\u00e9mocratiques sera cruciale et assurera la p\u00e9rennit\u00e9 de l\u2019un et de l\u2019autre par une vraie possibilit\u00e9 d\u2019autonomie et leur capacit\u00e9 \u00e0 r\u00e9aliser des choses concr\u00e8tes.<\/p>\n\n\n\n<p><br>Enfin, un dernier facteur de r\u00e9ussite sera \u00e9videmment la communication la plus large de cette initiative. Il faudra alors s\u2019appuyer sur chaque relai au sein des quartiers qui pourront aider et parler aux habitants du budget participatif et de ce qu\u2019ils pourront r\u00e9aliser ensemble. Je pense par exemple aux centres sociaux et aux associations d&#8217;\u00e9ducation populaire qui jouent d\u00e9j\u00e0 ce r\u00f4le d\u2019animation de groupes constitu\u00e9s autour d\u2019id\u00e9es pour leur quartier. \u00c9tant ouverts pour toutes et tous d\u00e8s l\u2019\u00e2ge de 11 ans, ils pourront rassembler largement et permettre au plus grand nombre de proposer des projets correspondant \u00e0 l\u2019int\u00e9r\u00eat g\u00e9n\u00e9ral au sein de leurs lieux de vie.<\/p>\n\n\n\n<p><br>N\u2019oublions \u00e9videmment pas que le budget participatif n\u2019est pas une fin en soi ; c\u2019est \u00e9galement un moyen pour redonner l\u2019envie d\u2019agir, pour que les actions des gens aient des effets concrets sur leur vie. Nous ne pouvons qu\u2019esp\u00e9rer que ces espaces de co-construction permettent aux habitants de faire naitre un engagement politique d\u00e9termin\u00e9 et durable. La cr\u00e9ation de ce genre d&#8217;outil nous impose alors la plus grande vigilance sur son fonctionnement et sa r\u00e9ussite afin d\u2019\u00e9viter tout sentiment d\u2019exclusion et de repoussoir, ce qui entacherait \u00e0 terme leur volont\u00e9 d\u2019engagement.<\/p>\n\n\n\n<p><br>Pour conclure, nous saluons l&#8217;arriv\u00e9e du budget participatif  au service de la d\u00e9mocratie directe et de redonner le go\u00fbt de la politique. Nous resterons donc attentifs pour que ces deux objectifs soient bien remplis. <\/p>\n","protected":false},"excerpt":{"rendered":"<p>Nous esp\u00e9rons que comme \u00e0 Porto Alegre, les habitants et habitantes se saisiront de cet outil, le transformeront m\u00eame et participeront ainsi plus directement \u00e0 l\u2019\u00e9volution et \u00e0 l\u2019am\u00e9nagement de Villeurbanne. \u00c0 l\u2019heure d\u2019une abstention \u00e9lectorale massive, donner un r\u00f4le actif aux citoyens dans la fabrique de la ville et dans la vie de quartier est primordial.<\/p>\n","protected":false},"author":1,"featured_media":0,"comment_status":"open","ping_status":"open","sticky":false,"template":"","format":"standard","meta":[],"categories":[95,7,38],"tags":[36],"_links":{"self":[{"href":"https:\/\/villeurbanne-insoumise-ensemble.fr\/index.php?rest_route=\/wp\/v2\/posts\/220"}],"collection":[{"href":"https:\/\/villeurbanne-insoumise-ensemble.fr\/index.php?rest_route=\/wp\/v2\/posts"}],"about":[{"href":"https:\/\/villeurbanne-insoumise-ensemble.fr\/index.php?rest_route=\/wp\/v2\/types\/post"}],"author":[{"embeddable":true,"href":"https:\/\/villeurbanne-insoumise-ensemble.fr\/index.php?rest_route=\/wp\/v2\/users\/1"}],"replies":[{"embeddable":true,"href":"https:\/\/villeurbanne-insoumise-ensemble.fr\/index.php?rest_route=%2Fwp%2Fv2%2Fcomments&post=220"}],"version-history":[{"count":3,"href":"https:\/\/villeurbanne-insoumise-ensemble.fr\/index.php?rest_route=\/wp\/v2\/posts\/220\/revisions"}],"predecessor-version":[{"id":251,"href":"https:\/\/villeurbanne-insoumise-ensemble.fr\/index.php?rest_route=\/wp\/v2\/posts\/220\/revisions\/251"}],"wp:attachment":[{"href":"https:\/\/villeurbanne-insoumise-ensemble.fr\/index.php?rest_route=%2Fwp%2Fv2%2Fmedia&parent=220"}],"wp:term":[{"taxonomy":"category","embeddable":true,"href":"https:\/\/villeurbanne-insoumise-ensemble.fr\/index.php?rest_route=%2Fwp%2Fv2%2Fcategories&post=220"},{"taxonomy":"post_tag","embeddable":true,"href":"https:\/\/villeurbanne-insoumise-ensemble.fr\/index.php?rest_route=%2Fwp%2Fv2%2Ftags&post=220"}],"curies":[{"name":"wp","href":"https:\/\/api.w.org\/{rel}","templated":true}]}}