{"id":2199,"date":"2025-09-01T14:39:00","date_gmt":"2025-09-01T12:39:00","guid":{"rendered":"https:\/\/villeurbanne-insoumise-ensemble.fr\/?p=2199"},"modified":"2025-09-29T14:41:40","modified_gmt":"2025-09-29T12:41:40","slug":"un-ete-a-villeurbanne","status":"publish","type":"post","link":"https:\/\/villeurbanne-insoumise-ensemble.fr\/?p=2199","title":{"rendered":"Un \u00e9t\u00e9 \u00e0 Villeurbanne"},"content":{"rendered":"\n<p>Nouvel \u00e9t\u00e9, nouvelles canicules&nbsp;: cette ann\u00e9e nous montre encore qu\u2019il est urgent d\u2019agir, avec une canicule pr\u00e9coce en juin et celle d\u2019ao\u00fbt qui a plac\u00e9 le d\u00e9partement en vigilance rouge et nous rappellent la n\u00e9cessit\u00e9 d\u2019adapter notre ville aux fortes chaleurs. Ces ph\u00e9nom\u00e8nes climatiques ont conduit \u00e0 la mise en place de mesures exceptionnelles, notamment la suspension partielle des animations estivales.<\/p>\n\n\n\n<p>Comment rendre ces p\u00e9riodes plus supportables ? Comment rafra\u00eechir notre ville dense et toujours tr\u00e8s min\u00e9rale&nbsp;?<\/p>\n\n\n\n<p>D\u2019abord, en prenant soin des plus fragiles&nbsp;: un registre d\u2019appel t\u00e9l\u00e9phonique est propos\u00e9 aux personnes de plus de 65 ans et aux personnes en situation de handicap pour prendre r\u00e9guli\u00e8rement des nouvelles des personnes inscrites.<\/p>\n\n\n\n<p>Les plus jeunes sont aussi pris en charge\u00a0: une d\u00e9marche simplifi\u00e9e d\u2019inscription aux activit\u00e9s municipales est mise en place, notamment pour les s\u00e9jours \u00e0 Chamagnieu. Des places r\u00e9serv\u00e9es et gratuites sont attribu\u00e9es aux familles les plus modestes. D\u2019apr\u00e8s l\u2019ADEME, plus on est pauvre, plus on souffre de la chaleur puisqu\u2019on habite souvent dans une bouilloire thermique\u00a0: proposer des places \u00e0 ces enfants, c\u2019est leur permettre d\u2019\u00eatre au frais. Par ailleurs, une offre de loisirs gratuite est propos\u00e9e \u00e0 l\u2019ensemble des habitants, dans une logique d\u2019\u00e9galit\u00e9 d\u2019acc\u00e8s.<\/p>\n\n\n\n<p>Faire aller vers la verdure, mais aussi faire venir la verdure en ville&nbsp;: les plantations sont les plus efficaces pour faire baisser les temp\u00e9ratures.&nbsp;Planter des arbres, des arbustes dans les \u00e9coles, augmenter le nombre d\u2019espaces verts d\u00e8s que possible, telles sont les actions les plus rapides et les plus b\u00e9n\u00e9fiques pour s\u2019adapter au changement climatique et diminuer les ilots de chaleur. Une carte des lieux frais est disponible pour informer les habitants des espaces de fra\u00eecheur \u00e0 proximit\u00e9.<\/p>\n\n\n\n<p>La ville poursuit ses efforts pour s\u2019adapter aux enjeux climatiques et am\u00e9liorer le cadre de vie de tous les habitants.<\/p>\n","protected":false},"excerpt":{"rendered":"<p>Nouvel \u00e9t\u00e9, nouvelles canicules&nbsp;: cette ann\u00e9e nous montre encore qu\u2019il est urgent d\u2019agir, avec une canicule pr\u00e9coce en juin et celle d\u2019ao\u00fbt qui a plac\u00e9 le d\u00e9partement en vigilance rouge et nous rappellent la n\u00e9cessit\u00e9 d\u2019adapter notre ville aux fortes chaleurs. Ces ph\u00e9nom\u00e8nes climatiques ont conduit \u00e0 la mise en place de mesures exceptionnelles, notamment&#8230;<\/p>\n","protected":false},"author":1,"featured_media":0,"comment_status":"open","ping_status":"open","sticky":false,"template":"","format":"standard","meta":[],"categories":[197,17],"tags":[],"_links":{"self":[{"href":"https:\/\/villeurbanne-insoumise-ensemble.fr\/index.php?rest_route=\/wp\/v2\/posts\/2199"}],"collection":[{"href":"https:\/\/villeurbanne-insoumise-ensemble.fr\/index.php?rest_route=\/wp\/v2\/posts"}],"about":[{"href":"https:\/\/villeurbanne-insoumise-ensemble.fr\/index.php?rest_route=\/wp\/v2\/types\/post"}],"author":[{"embeddable":true,"href":"https:\/\/villeurbanne-insoumise-ensemble.fr\/index.php?rest_route=\/wp\/v2\/users\/1"}],"replies":[{"embeddable":true,"href":"https:\/\/villeurbanne-insoumise-ensemble.fr\/index.php?rest_route=%2Fwp%2Fv2%2Fcomments&post=2199"}],"version-history":[{"count":3,"href":"https:\/\/villeurbanne-insoumise-ensemble.fr\/index.php?rest_route=\/wp\/v2\/posts\/2199\/revisions"}],"predecessor-version":[{"id":2203,"href":"https:\/\/villeurbanne-insoumise-ensemble.fr\/index.php?rest_route=\/wp\/v2\/posts\/2199\/revisions\/2203"}],"wp:attachment":[{"href":"https:\/\/villeurbanne-insoumise-ensemble.fr\/index.php?rest_route=%2Fwp%2Fv2%2Fmedia&parent=2199"}],"wp:term":[{"taxonomy":"category","embeddable":true,"href":"https:\/\/villeurbanne-insoumise-ensemble.fr\/index.php?rest_route=%2Fwp%2Fv2%2Fcategories&post=2199"},{"taxonomy":"post_tag","embeddable":true,"href":"https:\/\/villeurbanne-insoumise-ensemble.fr\/index.php?rest_route=%2Fwp%2Fv2%2Ftags&post=2199"}],"curies":[{"name":"wp","href":"https:\/\/api.w.org\/{rel}","templated":true}]}}