{"id":2173,"date":"2024-12-01T14:11:00","date_gmt":"2024-12-01T13:11:00","guid":{"rendered":"https:\/\/villeurbanne-insoumise-ensemble.fr\/?p=2173"},"modified":"2025-08-18T14:12:30","modified_gmt":"2025-08-18T12:12:30","slug":"tout-ca-pour-un-49-3","status":"publish","type":"post","link":"https:\/\/villeurbanne-insoumise-ensemble.fr\/?p=2173","title":{"rendered":"Tout \u00e7a pour un 49.3"},"content":{"rendered":"\n<p>C\u2019est une quasi-certitude&nbsp;: les centaines d\u2019heures de d\u00e9bat, les milliers d\u2019amendements d\u00e9pos\u00e9s et vot\u00e9s par l\u2019Assembl\u00e9e Nationale&nbsp;seront rendus caduques par le recours au 49.3 en deuxi\u00e8me lecture.<\/p>\n\n\n\n<p>Strat\u00e9gie d\u00e9lib\u00e9r\u00e9e ou absence d\u2019enthousiasme de la part du bloc de droite&nbsp;? En tout cas, leur absence en s\u00e9ance a laiss\u00e9 la place aux groupes du Nouveau front populaire pour d\u00e9montrer une nouvelle fois leur capacit\u00e9 \u00e0 gouverner. En taxant le patrimoine des milliardaires, les superprofits des multinationales, ou encore les dividendes, ce budget \u2013 rejet\u00e9 en premi\u00e8re lecture \u2013 engrangeait 75 milliards d\u2019euros en recettes suppl\u00e9mentaires pour l\u2019Etat. Il supprimait les taxes injustes, comme la hausse de celle sur l\u2019\u00e9lectricit\u00e9.<\/p>\n\n\n\n<p>75 milliards, c\u2019est d\u00e9j\u00e0 beaucoup, mais c\u2019est pourtant plus de deux fois inf\u00e9rieur \u00e0 ce que pourrait r\u00e9cup\u00e9rer l\u2019Etat s\u2019il taxait r\u00e9ellement les plus grandes fortunes et les entreprises mondialis\u00e9es. De telles recettes seraient une bouff\u00e9e d\u2019air pour tout le pays et permettraient de gouverner selon les besoins&nbsp;: d\u2019abord, en augmentant les salaires, en retrouvant la retraite \u00e0 60 ans&nbsp;; en investissant dans le logement, dans l\u2019\u00e9ducation, dans la bifurcation \u00e9cologique\u2026 A contrario de tout ce qui est pr\u00e9vu par le gouvernement Barnier. A l\u2019\u00e9chelle de Villeurbanne, ce seraient davantage de fonds pour r\u00e9nover les logements et b\u00e2timents publics, pour l\u2019\u00e9ducation des enfants, pour le d\u00e9veloppement de nos transports en commun.<\/p>\n\n\n\n<p>O\u00f9 est notre devise nationale et sa promesse d\u2019\u00e9galit\u00e9, quand la proposition visant \u00e0 r\u00e9tablir l\u2019ISF, et donc \u00e0 r\u00e9\u00e9quilibrer un tant soit peu la r\u00e9partition des richesses, est balay\u00e9e par le RN, les LR et les macronistes&nbsp;? Le \u00ab&nbsp;matraquage fiscal&nbsp;\u00bb que les plus riches d\u00e9noncent ne concerne en r\u00e9alit\u00e9 que leur fortune&nbsp;; pour le reste des fran\u00e7ais, il serait une aubaine qui r\u00e9tablirait justice fiscale et sociale.<\/p>\n\n\n\n<p>Que le Premier ministre vienne faire un stage \u00e0 Villeurbanne&nbsp;: nous lui montrerons comment cr\u00e9er un budget au service du peuple.<\/p>\n","protected":false},"excerpt":{"rendered":"<p>C\u2019est une quasi-certitude&nbsp;: les centaines d\u2019heures de d\u00e9bat, les milliers d\u2019amendements d\u00e9pos\u00e9s et vot\u00e9s par l\u2019Assembl\u00e9e Nationale&nbsp;seront rendus caduques par le recours au 49.3 en deuxi\u00e8me lecture. Strat\u00e9gie d\u00e9lib\u00e9r\u00e9e ou absence d\u2019enthousiasme de la part du bloc de droite&nbsp;? En tout cas, leur absence en s\u00e9ance a laiss\u00e9 la place aux groupes du Nouveau front&#8230;<\/p>\n","protected":false},"author":1,"featured_media":0,"comment_status":"open","ping_status":"open","sticky":false,"template":"","format":"standard","meta":[],"categories":[191,17],"tags":[],"_links":{"self":[{"href":"https:\/\/villeurbanne-insoumise-ensemble.fr\/index.php?rest_route=\/wp\/v2\/posts\/2173"}],"collection":[{"href":"https:\/\/villeurbanne-insoumise-ensemble.fr\/index.php?rest_route=\/wp\/v2\/posts"}],"about":[{"href":"https:\/\/villeurbanne-insoumise-ensemble.fr\/index.php?rest_route=\/wp\/v2\/types\/post"}],"author":[{"embeddable":true,"href":"https:\/\/villeurbanne-insoumise-ensemble.fr\/index.php?rest_route=\/wp\/v2\/users\/1"}],"replies":[{"embeddable":true,"href":"https:\/\/villeurbanne-insoumise-ensemble.fr\/index.php?rest_route=%2Fwp%2Fv2%2Fcomments&post=2173"}],"version-history":[{"count":1,"href":"https:\/\/villeurbanne-insoumise-ensemble.fr\/index.php?rest_route=\/wp\/v2\/posts\/2173\/revisions"}],"predecessor-version":[{"id":2174,"href":"https:\/\/villeurbanne-insoumise-ensemble.fr\/index.php?rest_route=\/wp\/v2\/posts\/2173\/revisions\/2174"}],"wp:attachment":[{"href":"https:\/\/villeurbanne-insoumise-ensemble.fr\/index.php?rest_route=%2Fwp%2Fv2%2Fmedia&parent=2173"}],"wp:term":[{"taxonomy":"category","embeddable":true,"href":"https:\/\/villeurbanne-insoumise-ensemble.fr\/index.php?rest_route=%2Fwp%2Fv2%2Fcategories&post=2173"},{"taxonomy":"post_tag","embeddable":true,"href":"https:\/\/villeurbanne-insoumise-ensemble.fr\/index.php?rest_route=%2Fwp%2Fv2%2Ftags&post=2173"}],"curies":[{"name":"wp","href":"https:\/\/api.w.org\/{rel}","templated":true}]}}