{"id":2171,"date":"2024-11-01T14:11:00","date_gmt":"2024-11-01T13:11:00","guid":{"rendered":"https:\/\/villeurbanne-insoumise-ensemble.fr\/?p=2171"},"modified":"2025-08-18T14:11:45","modified_gmt":"2025-08-18T12:11:45","slug":"logement-pour-toustes-la-bataille-continue","status":"publish","type":"post","link":"https:\/\/villeurbanne-insoumise-ensemble.fr\/?p=2171","title":{"rendered":"Logement pour toustes : la bataille continue !"},"content":{"rendered":"\n<p>C&#8217;est un marronnier dont on aimerait bien se passer : comme les ann\u00e9es pr\u00e9c\u00e9dentes, les \u00e9coles servent d&#8217;abri pour des dizaine de familles sans-abri de la m\u00e9tropole de Lyon. A Villeurbanne, le groupe scolaire Edouard Herriot h\u00e9berge depuis la rentr\u00e9e scolaire plusieurs enfants et leurs familles avec l&#8217;aide du collectif Jamais sans toit, des enseignant\u00b7es et des parents d&#8217;\u00e9l\u00e8ves.&nbsp;<\/p>\n\n\n\n<p>Ce n&#8217;est malheureusement pas une situation isol\u00e9e : plus de 2 000 enfants \u00e9taient \u00e0 la rue en France mi-ao\u00fbt, un chiffre sans aucun doute sous-estim\u00e9, mais qui a pourtant plus que doubl\u00e9 depuis 2021.<\/p>\n\n\n\n<p>Ratifi\u00e9e par la France en 1989, la Convention internationale des droits de l&#8217;enfant exige pourtant des \u00c9tats, dans son article 27, &#8220;<em>une assistance mat\u00e9rielle [&#8230;], notamment en ce qui concerne l\u2019alimentation, le v\u00eatement et le logement<\/em>&#8220;, dans la mesure de ses moyens. Dans un pays aussi riche que la France, qui peut pr\u00e9tendre que l\u2019\u00c9tat n&#8217;aurait pas les moyens de trouver les logements pour les enfants \u00e0 la rue ?&nbsp;<\/p>\n\n\n\n<p>Notre groupe soutien toutes les mobilisations qui vont dans ce sens. La bataille se m\u00e8ne \u00e0 l&#8217;\u00e9chelle nationale, ou des dizaines de d\u00e9put\u00e9\u00b7es ont sign\u00e9 en octobre une proposition de r\u00e9solution visant \u00e0 mettre fin au sans-abrisme des enfants, en rappelant au gouvernement son devoir et les cons\u00e9quences de la rue sur le d\u00e9veloppement des enfants. Mais elle se vit aussi concr\u00e8tement, gr\u00e2ce \u00e0 l&#8217;implication de dizaines de militant\u00b7es, de professionnel\u00b7les, de familles ou de professeurs, par l&#8217;ouverture d&#8217;\u00e9coles, des go\u00fbters solidaires ou des rassemblements revendicatifs.<\/p>\n\n\n\n<p>Notre responsabilit\u00e9 en tant qu&#8217;\u00e9lu\u00b7es locaux est lourde : nous ne pouvons pas abandonner ces familles et devons tout mettre en \u0153uvre pour trouver des solutions les plus p\u00e9rennes possibles, en ramant \u00e0 contre-courant des politiques n\u00e9olib\u00e9rales d\u00e9ploy\u00e9es par le gouvernement. Nous continuons de r\u00e9fl\u00e9chir, de travailler, d&#8217;exp\u00e9rimenter des solutions d&#8217;h\u00e9bergement originales, en nous nourrissant des mobilisations citoyennes.<\/p>\n","protected":false},"excerpt":{"rendered":"<p>C&#8217;est un marronnier dont on aimerait bien se passer : comme les ann\u00e9es pr\u00e9c\u00e9dentes, les \u00e9coles servent d&#8217;abri pour des dizaine de familles sans-abri de la m\u00e9tropole de Lyon. A Villeurbanne, le groupe scolaire Edouard Herriot h\u00e9berge depuis la rentr\u00e9e scolaire plusieurs enfants et leurs familles avec l&#8217;aide du collectif Jamais sans toit, des enseignant\u00b7es&#8230;<\/p>\n","protected":false},"author":1,"featured_media":0,"comment_status":"open","ping_status":"open","sticky":false,"template":"","format":"standard","meta":[],"categories":[191,17],"tags":[],"_links":{"self":[{"href":"https:\/\/villeurbanne-insoumise-ensemble.fr\/index.php?rest_route=\/wp\/v2\/posts\/2171"}],"collection":[{"href":"https:\/\/villeurbanne-insoumise-ensemble.fr\/index.php?rest_route=\/wp\/v2\/posts"}],"about":[{"href":"https:\/\/villeurbanne-insoumise-ensemble.fr\/index.php?rest_route=\/wp\/v2\/types\/post"}],"author":[{"embeddable":true,"href":"https:\/\/villeurbanne-insoumise-ensemble.fr\/index.php?rest_route=\/wp\/v2\/users\/1"}],"replies":[{"embeddable":true,"href":"https:\/\/villeurbanne-insoumise-ensemble.fr\/index.php?rest_route=%2Fwp%2Fv2%2Fcomments&post=2171"}],"version-history":[{"count":1,"href":"https:\/\/villeurbanne-insoumise-ensemble.fr\/index.php?rest_route=\/wp\/v2\/posts\/2171\/revisions"}],"predecessor-version":[{"id":2172,"href":"https:\/\/villeurbanne-insoumise-ensemble.fr\/index.php?rest_route=\/wp\/v2\/posts\/2171\/revisions\/2172"}],"wp:attachment":[{"href":"https:\/\/villeurbanne-insoumise-ensemble.fr\/index.php?rest_route=%2Fwp%2Fv2%2Fmedia&parent=2171"}],"wp:term":[{"taxonomy":"category","embeddable":true,"href":"https:\/\/villeurbanne-insoumise-ensemble.fr\/index.php?rest_route=%2Fwp%2Fv2%2Fcategories&post=2171"},{"taxonomy":"post_tag","embeddable":true,"href":"https:\/\/villeurbanne-insoumise-ensemble.fr\/index.php?rest_route=%2Fwp%2Fv2%2Ftags&post=2171"}],"curies":[{"name":"wp","href":"https:\/\/api.w.org\/{rel}","templated":true}]}}