{"id":2169,"date":"2025-07-01T14:07:00","date_gmt":"2025-07-01T12:07:00","guid":{"rendered":"https:\/\/villeurbanne-insoumise-ensemble.fr\/?p=2169"},"modified":"2025-08-18T14:10:07","modified_gmt":"2025-08-18T12:10:07","slug":"notre-bilan-faire-vivre-le-service-public","status":"publish","type":"post","link":"https:\/\/villeurbanne-insoumise-ensemble.fr\/?p=2169","title":{"rendered":"Notre bilan : faire vivre le service public !"},"content":{"rendered":"\n<p>Depuis que nous sommes \u00e9lu\u00b7es, notre ligne est claire : le secteur public doit le rester, et aucun profit priv\u00e9 ne doit pouvoir en \u00eatre tir\u00e9. Chaque euro dont dispose la ville doit servir avant tout le bien commun et \u00eatre (r\u00e9)investi dans le secteur public. Contre une logique de march\u00e9, il est le seul garant de l&#8217;\u00e9galit\u00e9 r\u00e9elle, de la justice sociale et de la transition \u00e9cologique. Le service public assure \u00e0 l&#8217;acc\u00e8s aux droits des personnes pr\u00e9caires et \/ ou pauvres.<\/p>\n\n\n\n<p>Alors que le secteur priv\u00e9 ne voit que l&#8217;int\u00e9r\u00eat financier \u00e0 court terme, le secteur public peut lui r\u00e9pondre aux d\u00e9fis de demain. C&#8217;est notre responsabilit\u00e9 de planifier et d&#8217;investir pour l&#8217;avenir des habitant\u00b7es.<\/p>\n\n\n\n<p>Concr\u00e8tement, nous augmentons la ma\u00eetrise publique dans notre ville, par exemple sur le logement : plus de 30% de logements sont d\u00e9sormais sociaux \u00e0 Villeurbanne, et le Bail r\u00e9el solidaire s&#8217;invite dans tous les programmes immobiliers que nous impulsons.<\/p>\n\n\n\n<p>Nous mettons aussi en pratique l&#8217;id\u00e9e selon laquelle les loisirs, la culture, sont des droits humains fondamentaux. Pour permettre un acc\u00e8s inconditionnel, nous avons instaur\u00e9 la gratuit\u00e9 des m\u00e9diath\u00e8ques et revu les tarifications de certains services pour mieux r\u00e9partir l&#8217;effort financier entre plus pauvres et les plus riches. C&#8217;est ce que nous avons fait en p\u00e9rennisant la prise en charge financi\u00e8re et administrative de l&#8217;offre de loisirs municipale des enfants.<\/p>\n\n\n\n<p>Anticiper, c&#8217;est aussi acheter le foncier dont nous aurons besoin pour construire un gymnase, agrandir une \u00e9cole ; c&#8217;est garder la ma\u00eetrise technique, en refusant la privatisation des savoir-faire publics ; c&#8217;est faire en sorte que les agent\u00b7es soient satisfait\u00b7es de leurs conditions de travail, faire progresser leurs carri\u00e8res et mieux les payer ; c&#8217;est conserver des guichets et en cr\u00e9er de nouveaux, pour ne pas laisser un \u00e9cran s&#8217;interposer entre les villeurbannais\u00b7es et leurs droits.<\/p>\n\n\n\n<p>En investissant dans le service public, nous assurons un futur commun qui ne laisse personne de c\u00f4t\u00e9.<\/p>\n","protected":false},"excerpt":{"rendered":"<p>Depuis que nous sommes \u00e9lu\u00b7es, notre ligne est claire : le secteur public doit le rester, et aucun profit priv\u00e9 ne doit pouvoir en \u00eatre tir\u00e9. Chaque euro dont dispose la ville doit servir avant tout le bien commun et \u00eatre (r\u00e9)investi dans le secteur public. Contre une logique de march\u00e9, il est le seul&#8230;<\/p>\n","protected":false},"author":1,"featured_media":0,"comment_status":"open","ping_status":"open","sticky":false,"template":"","format":"standard","meta":[],"categories":[197,17],"tags":[],"_links":{"self":[{"href":"https:\/\/villeurbanne-insoumise-ensemble.fr\/index.php?rest_route=\/wp\/v2\/posts\/2169"}],"collection":[{"href":"https:\/\/villeurbanne-insoumise-ensemble.fr\/index.php?rest_route=\/wp\/v2\/posts"}],"about":[{"href":"https:\/\/villeurbanne-insoumise-ensemble.fr\/index.php?rest_route=\/wp\/v2\/types\/post"}],"author":[{"embeddable":true,"href":"https:\/\/villeurbanne-insoumise-ensemble.fr\/index.php?rest_route=\/wp\/v2\/users\/1"}],"replies":[{"embeddable":true,"href":"https:\/\/villeurbanne-insoumise-ensemble.fr\/index.php?rest_route=%2Fwp%2Fv2%2Fcomments&post=2169"}],"version-history":[{"count":1,"href":"https:\/\/villeurbanne-insoumise-ensemble.fr\/index.php?rest_route=\/wp\/v2\/posts\/2169\/revisions"}],"predecessor-version":[{"id":2170,"href":"https:\/\/villeurbanne-insoumise-ensemble.fr\/index.php?rest_route=\/wp\/v2\/posts\/2169\/revisions\/2170"}],"wp:attachment":[{"href":"https:\/\/villeurbanne-insoumise-ensemble.fr\/index.php?rest_route=%2Fwp%2Fv2%2Fmedia&parent=2169"}],"wp:term":[{"taxonomy":"category","embeddable":true,"href":"https:\/\/villeurbanne-insoumise-ensemble.fr\/index.php?rest_route=%2Fwp%2Fv2%2Fcategories&post=2169"},{"taxonomy":"post_tag","embeddable":true,"href":"https:\/\/villeurbanne-insoumise-ensemble.fr\/index.php?rest_route=%2Fwp%2Fv2%2Ftags&post=2169"}],"curies":[{"name":"wp","href":"https:\/\/api.w.org\/{rel}","templated":true}]}}