{"id":2167,"date":"2025-06-02T14:06:00","date_gmt":"2025-06-02T12:06:00","guid":{"rendered":"https:\/\/villeurbanne-insoumise-ensemble.fr\/?p=2167"},"modified":"2025-08-18T14:07:40","modified_gmt":"2025-08-18T12:07:40","slug":"astroballe-quand-tout-sera-prive-on-sera-prive%c2%b7es-de-tout","status":"publish","type":"post","link":"https:\/\/villeurbanne-insoumise-ensemble.fr\/?p=2167","title":{"rendered":"Astroballe : quand tout sera priv\u00e9, on sera priv\u00e9\u00b7es de tout !"},"content":{"rendered":"\n<p>Il faut refuser la marchandisation du secteur public. Y introduire des acteurs priv\u00e9s, c\u2019est accepter leur logique de rentabilit\u00e9, contraire au principe de gratuit\u00e9 et de correction des in\u00e9galit\u00e9s.<\/p>\n\n\n\n<p>C&#8217;est la ligne que nous tenons depuis le d\u00e9but de ce mandat. C&#8217;est aussi vrai pour la culture et le sport : ces secteurs doivent rester accessibles \u00e0 toutes et tous. C\u2019est pourquoi nous pensons que la constitution d\u2019une SEMOP, entreprise qui m\u00ealera capitaux priv\u00e9s et publics pour la r\u00e9novation puis la gestion de l\u2019Astroballe, est une tr\u00e8s mauvaise id\u00e9e. Face \u00e0 un g\u00e9ant de l\u2019\u00e9v\u00e9nementiel, de quelles marges de man\u0153uvre disposera la ville ? Cette r\u00e9novation ne garantit pas que Tony Parker relocalise tout l\u2019ASVEL \u00e0 Villeurbanne, \u00e0 l&#8217;heure o\u00f9 le basket professionnel se mondialise et o\u00f9 le lien entre une \u00e9quipe et une ville se fragilise.<\/p>\n\n\n\n<p>R\u00e9nover l&#8217;Astroballe en investissant 10 millions, oui. Mais avons-nous vraiment pris le temps de r\u00e9fl\u00e9chir pour qui et pour quoi faire ? A moins d\u2019un an des \u00e9lection municipales, cette discussion aurait d\u00fb avoir lieu avec les habitant\u00b7es. C&#8217;est le cas pour les changements en cours \u00e0 Bonnevay, mais pas sur l\u2019Astroballe, et encore moins sur la cr\u00e9ation d\u2019une SEMOP. <\/p>\n\n\n\n<p>Nous pourrions imaginer une grande SPL, pour la gestion publique et culturelle de lieux embl\u00e9matiques de la M\u00e9tropole : Astroballe, Tony Garnier, Transbordeur&#8230; Elle garantirait une place \u00e0 l\u2019\u00e9ducation populaire et contrebalancerait le syst\u00e8me OL-land et la privatisation de la culture, du sport et du spectacle vivant.<\/p>\n\n\n\n<p>A l\u2019image de Lazare Goujon, soyons visionnaires. Construisons l\u2019avenir de l\u2019\u00e9quipement avec les habitant.es, les associations, les sportifs, les acteurs culturels, qui ne manquent pas \u00e0 Villeurbanne. Ne nous en laissons pas d\u00e9poss\u00e9der.<\/p>\n\n\n\n<p>La premi\u00e8re \u00e9tape vers les SEMOP a \u00e9t\u00e9 vot\u00e9e. Mais il en reste encore \u00e0 faire avant que le projet ne soit enti\u00e8rement valid\u00e9. Il n\u2019est pas trop tard pour imaginer un autre mod\u00e8le que celui de la livraison de l\u2019Astroballe aux int\u00e9r\u00eats priv\u00e9s.<\/p>\n","protected":false},"excerpt":{"rendered":"<p>Il faut refuser la marchandisation du secteur public. Y introduire des acteurs priv\u00e9s, c\u2019est accepter leur logique de rentabilit\u00e9, contraire au principe de gratuit\u00e9 et de correction des in\u00e9galit\u00e9s. C&#8217;est la ligne que nous tenons depuis le d\u00e9but de ce mandat. C&#8217;est aussi vrai pour la culture et le sport : ces secteurs doivent rester&#8230;<\/p>\n","protected":false},"author":1,"featured_media":0,"comment_status":"open","ping_status":"open","sticky":false,"template":"","format":"standard","meta":[],"categories":[197,17],"tags":[],"_links":{"self":[{"href":"https:\/\/villeurbanne-insoumise-ensemble.fr\/index.php?rest_route=\/wp\/v2\/posts\/2167"}],"collection":[{"href":"https:\/\/villeurbanne-insoumise-ensemble.fr\/index.php?rest_route=\/wp\/v2\/posts"}],"about":[{"href":"https:\/\/villeurbanne-insoumise-ensemble.fr\/index.php?rest_route=\/wp\/v2\/types\/post"}],"author":[{"embeddable":true,"href":"https:\/\/villeurbanne-insoumise-ensemble.fr\/index.php?rest_route=\/wp\/v2\/users\/1"}],"replies":[{"embeddable":true,"href":"https:\/\/villeurbanne-insoumise-ensemble.fr\/index.php?rest_route=%2Fwp%2Fv2%2Fcomments&post=2167"}],"version-history":[{"count":1,"href":"https:\/\/villeurbanne-insoumise-ensemble.fr\/index.php?rest_route=\/wp\/v2\/posts\/2167\/revisions"}],"predecessor-version":[{"id":2168,"href":"https:\/\/villeurbanne-insoumise-ensemble.fr\/index.php?rest_route=\/wp\/v2\/posts\/2167\/revisions\/2168"}],"wp:attachment":[{"href":"https:\/\/villeurbanne-insoumise-ensemble.fr\/index.php?rest_route=%2Fwp%2Fv2%2Fmedia&parent=2167"}],"wp:term":[{"taxonomy":"category","embeddable":true,"href":"https:\/\/villeurbanne-insoumise-ensemble.fr\/index.php?rest_route=%2Fwp%2Fv2%2Fcategories&post=2167"},{"taxonomy":"post_tag","embeddable":true,"href":"https:\/\/villeurbanne-insoumise-ensemble.fr\/index.php?rest_route=%2Fwp%2Fv2%2Ftags&post=2167"}],"curies":[{"name":"wp","href":"https:\/\/api.w.org\/{rel}","templated":true}]}}