{"id":2165,"date":"2025-05-02T14:05:00","date_gmt":"2025-05-02T12:05:00","guid":{"rendered":"https:\/\/villeurbanne-insoumise-ensemble.fr\/?p=2165"},"modified":"2025-08-18T14:06:36","modified_gmt":"2025-08-18T12:06:36","slug":"des-moyens-pour-linclusion","status":"publish","type":"post","link":"https:\/\/villeurbanne-insoumise-ensemble.fr\/?p=2165","title":{"rendered":"Des moyens pour l&#8217;inclusion\u00a0!"},"content":{"rendered":"\n<p>Vingt ans apr\u00e8s la loi pour l&#8217;\u00e9galit\u00e9 des droits, les discriminations perdurent \u00e0 l&#8217;\u00e9cole pour les enfants en situation de handicap.<\/p>\n\n\n\n<p>Malgr\u00e9 les fanfaronnades d&#8217;E. Macron, les moyens sont loin d&#8217;\u00eatre \u00e0 la hauteur. D&#8217;abord, sur les mois d&#8217;attente avant de recevoir une r\u00e9ponse \u00e0 la demande d&#8217;AESH ; ensuite, sur le manque chronique d&#8217;AESH faute de recrutements. Des centaines d&#8217;enfants sont priv\u00e9s de leurs droits : heures jamais pourvues, arr\u00eats et d\u00e9parts non remplac\u00e9s, d\u00e9lais d&#8217;attente excessivement longs&#8230; des semaines durant lesquels ces \u00e9l\u00e8ves sont mal accueillis.<\/p>\n\n\n\n<p>Cela se r\u00e9percute directement sur leur scolarisation, avec une perte de rep\u00e8res, du d\u00e9crochage scolaire, un mal-\u00eatre extr\u00eame. Dans le pire des cas, l&#8217;absence d&#8217;AESH les pousse \u00e0 l&#8217;\u00e9chec scolaire ou vers des classes sp\u00e9cialis\u00e9es dont ils et elles n&#8217;auraient normalement pas eu besoin. Cela peut \u00e9galement renforcer la stigmatisation dont iels sont victimes, puisque leur souffrance est souvent incomprise par les autres \u00e9l\u00e8ves et professeurs. Sans moyens et formation adapt\u00e9e, les enseignant\u00b7es sont impuissant\u00b7es et c&#8217;est toute une classe qui est affect\u00e9e.<\/p>\n\n\n\n<p>Pas d&#8217;inclusion, c&#8217;est de la discrimination. C&#8217;est ce que subissent encore les \u00e9l\u00e8ves en situation de handicap. L&#8217;\u00e9galit\u00e9 est rompue, avec des impacts sur toute leur existence. A terme, sans compensation, leurs chances de r\u00e9ussite et d&#8217;\u00e9mancipation sont diminu\u00e9es.<\/p>\n\n\n\n<p>L&#8217;inclusion sans financement reste une formule incantatoire : c&#8217;est des moyens de l\u2019\u00c9tat dont les \u00e9coles ont besoin. Moyens en formation des AESH, des \u00e9quipes \u00e9ducatives ; moyens pour augmenter les salaires, stabiliser les parcours, rendre le m\u00e9tier plus d\u00e9sirable.<\/p>\n\n\n\n<p>Localement, nous participons \u00e0 cet effort en formant les \u00e9quipes extrascolaires et p\u00e9riscolaire \u00e0 l&#8217;inclusion. Nous avons ouvert d\u00e8s que possible des salles de r\u00e9pit, dont l&#8217;usage est cependant restreint par le manque de personnel pour accompagner les enfants.<\/p>\n\n\n\n<p>En prenant soin des plus fragiles, c&#8217;est tout le monde qui b\u00e9n\u00e9ficiera de l&#8217;inclusion.<\/p>\n","protected":false},"excerpt":{"rendered":"<p>Vingt ans apr\u00e8s la loi pour l&#8217;\u00e9galit\u00e9 des droits, les discriminations perdurent \u00e0 l&#8217;\u00e9cole pour les enfants en situation de handicap. Malgr\u00e9 les fanfaronnades d&#8217;E. Macron, les moyens sont loin d&#8217;\u00eatre \u00e0 la hauteur. D&#8217;abord, sur les mois d&#8217;attente avant de recevoir une r\u00e9ponse \u00e0 la demande d&#8217;AESH ; ensuite, sur le manque chronique d&#8217;AESH&#8230;<\/p>\n","protected":false},"author":1,"featured_media":0,"comment_status":"open","ping_status":"open","sticky":false,"template":"","format":"standard","meta":[],"categories":[197,17],"tags":[],"_links":{"self":[{"href":"https:\/\/villeurbanne-insoumise-ensemble.fr\/index.php?rest_route=\/wp\/v2\/posts\/2165"}],"collection":[{"href":"https:\/\/villeurbanne-insoumise-ensemble.fr\/index.php?rest_route=\/wp\/v2\/posts"}],"about":[{"href":"https:\/\/villeurbanne-insoumise-ensemble.fr\/index.php?rest_route=\/wp\/v2\/types\/post"}],"author":[{"embeddable":true,"href":"https:\/\/villeurbanne-insoumise-ensemble.fr\/index.php?rest_route=\/wp\/v2\/users\/1"}],"replies":[{"embeddable":true,"href":"https:\/\/villeurbanne-insoumise-ensemble.fr\/index.php?rest_route=%2Fwp%2Fv2%2Fcomments&post=2165"}],"version-history":[{"count":1,"href":"https:\/\/villeurbanne-insoumise-ensemble.fr\/index.php?rest_route=\/wp\/v2\/posts\/2165\/revisions"}],"predecessor-version":[{"id":2166,"href":"https:\/\/villeurbanne-insoumise-ensemble.fr\/index.php?rest_route=\/wp\/v2\/posts\/2165\/revisions\/2166"}],"wp:attachment":[{"href":"https:\/\/villeurbanne-insoumise-ensemble.fr\/index.php?rest_route=%2Fwp%2Fv2%2Fmedia&parent=2165"}],"wp:term":[{"taxonomy":"category","embeddable":true,"href":"https:\/\/villeurbanne-insoumise-ensemble.fr\/index.php?rest_route=%2Fwp%2Fv2%2Fcategories&post=2165"},{"taxonomy":"post_tag","embeddable":true,"href":"https:\/\/villeurbanne-insoumise-ensemble.fr\/index.php?rest_route=%2Fwp%2Fv2%2Ftags&post=2165"}],"curies":[{"name":"wp","href":"https:\/\/api.w.org\/{rel}","templated":true}]}}