{"id":2157,"date":"2025-07-03T10:27:13","date_gmt":"2025-07-03T08:27:13","guid":{"rendered":"https:\/\/villeurbanne-insoumise-ensemble.fr\/?p=2157"},"modified":"2025-07-03T10:27:14","modified_gmt":"2025-07-03T08:27:14","slug":"quand-lagence-durbanisme-travaille-sur-le-droit-au-non-numerique","status":"publish","type":"post","link":"https:\/\/villeurbanne-insoumise-ensemble.fr\/?p=2157","title":{"rendered":"Quand l&#8217;Agence d&#8217;Urbanisme travaille sur le droit au non-num\u00e9rique !"},"content":{"rendered":"\n<div class=\"wp-block-image\"><figure class=\"aligncenter size-large is-resized\"><img loading=\"lazy\" src=\"https:\/\/villeurbanne-insoumise-ensemble.fr\/wp-content\/uploads\/2025\/07\/xVisuelP20DNN.png.pagespeed.ic_.ux1HDkAJXB.png\" alt=\"\" class=\"wp-image-2158\" width=\"428\" height=\"274\" srcset=\"https:\/\/villeurbanne-insoumise-ensemble.fr\/wp-content\/uploads\/2025\/07\/xVisuelP20DNN.png.pagespeed.ic_.ux1HDkAJXB.png 731w, https:\/\/villeurbanne-insoumise-ensemble.fr\/wp-content\/uploads\/2025\/07\/xVisuelP20DNN.png.pagespeed.ic_.ux1HDkAJXB-300x192.png 300w\" sizes=\"(max-width: 428px) 100vw, 428px\" \/><\/figure><\/div>\n\n\n\n<p><strong>Le droit au non-num\u00e9rique fait parler de lui !<\/strong><\/p>\n\n\n\n<p>Une nouvelle \u00e9tude de l&#8217;Agence d&#8217;Urbanisme de l&#8217;aire m\u00e9tropolitaine lyonnaise interroge l&#8217;opportunit\u00e9 de mettre en place le <strong>droit au non-num\u00e9rique dans les services publics.<\/strong> Pour la ville de Villeurbanne, c&#8217;est d\u00e9j\u00e0 fait depuis pr\u00e8s de deux ans : tous nos services publics sont accessibles en &#8220;physique&#8221;, et les habitant\u00b7es peuvent alerter la Ville si un acc\u00e8s en guichet n&#8217;est pas existant.<\/p>\n\n\n\n<div class=\"wp-block-file\"><a href=\"http:\/\/villeurbanne-insoumise-ensemble.fr\/wp-content\/uploads\/2025\/07\/Droit-au-non-numerique-observatoire-de-linclusion-numerique.pdf_1.pdf\">Pour retrouver l&#8217;\u00e9tude compl\u00e8te, c&#8217;est ici : Observatoire de l&#8217;inclusion num\u00e9rique &#8211; Droit au non-num\u00e9rique<\/a><a href=\"http:\/\/villeurbanne-insoumise-ensemble.fr\/wp-content\/uploads\/2025\/07\/Droit-au-non-numerique-observatoire-de-linclusion-numerique.pdf_1.pdf\" class=\"wp-block-file__button\" download>T\u00e9l\u00e9charger<\/a><\/div>\n","protected":false},"excerpt":{"rendered":"<p>Le droit au non-num\u00e9rique fait parler de lui ! Une nouvelle \u00e9tude de l&#8217;Agence d&#8217;Urbanisme de l&#8217;aire m\u00e9tropolitaine lyonnaise interroge l&#8217;opportunit\u00e9 de mettre en place le droit au non-num\u00e9rique dans les services publics. Pour la ville de Villeurbanne, c&#8217;est d\u00e9j\u00e0 fait depuis pr\u00e8s de deux ans : tous nos services publics sont accessibles en &#8220;physique&#8221;,&#8230;<\/p>\n","protected":false},"author":1,"featured_media":0,"comment_status":"open","ping_status":"open","sticky":false,"template":"","format":"standard","meta":[],"categories":[5],"tags":[57,86],"_links":{"self":[{"href":"https:\/\/villeurbanne-insoumise-ensemble.fr\/index.php?rest_route=\/wp\/v2\/posts\/2157"}],"collection":[{"href":"https:\/\/villeurbanne-insoumise-ensemble.fr\/index.php?rest_route=\/wp\/v2\/posts"}],"about":[{"href":"https:\/\/villeurbanne-insoumise-ensemble.fr\/index.php?rest_route=\/wp\/v2\/types\/post"}],"author":[{"embeddable":true,"href":"https:\/\/villeurbanne-insoumise-ensemble.fr\/index.php?rest_route=\/wp\/v2\/users\/1"}],"replies":[{"embeddable":true,"href":"https:\/\/villeurbanne-insoumise-ensemble.fr\/index.php?rest_route=%2Fwp%2Fv2%2Fcomments&post=2157"}],"version-history":[{"count":1,"href":"https:\/\/villeurbanne-insoumise-ensemble.fr\/index.php?rest_route=\/wp\/v2\/posts\/2157\/revisions"}],"predecessor-version":[{"id":2160,"href":"https:\/\/villeurbanne-insoumise-ensemble.fr\/index.php?rest_route=\/wp\/v2\/posts\/2157\/revisions\/2160"}],"wp:attachment":[{"href":"https:\/\/villeurbanne-insoumise-ensemble.fr\/index.php?rest_route=%2Fwp%2Fv2%2Fmedia&parent=2157"}],"wp:term":[{"taxonomy":"category","embeddable":true,"href":"https:\/\/villeurbanne-insoumise-ensemble.fr\/index.php?rest_route=%2Fwp%2Fv2%2Fcategories&post=2157"},{"taxonomy":"post_tag","embeddable":true,"href":"https:\/\/villeurbanne-insoumise-ensemble.fr\/index.php?rest_route=%2Fwp%2Fv2%2Ftags&post=2157"}],"curies":[{"name":"wp","href":"https:\/\/api.w.org\/{rel}","templated":true}]}}