{"id":214,"date":"2021-07-06T10:13:35","date_gmt":"2021-07-06T08:13:35","guid":{"rendered":"http:\/\/villeurbanne-insoumise-ensemble.fr\/?p=214"},"modified":"2023-11-22T16:06:24","modified_gmt":"2023-11-22T15:06:24","slug":"ppi-cest-lurgence-democratique-que-nous-avons-apportee-dans-notre-programme","status":"publish","type":"post","link":"https:\/\/villeurbanne-insoumise-ensemble.fr\/?p=214","title":{"rendered":"PPI : C\u2019est l\u2019urgence d\u00e9mocratique que nous avons apport\u00e9e dans notre programme !"},"content":{"rendered":"\n<p><em>Par Ga\u00ebtan Constant<\/em><\/p>\n\n\n\n<figure class=\"wp-block-embed is-type-video is-provider-youtube wp-block-embed-youtube wp-embed-aspect-16-9 wp-has-aspect-ratio\"><div class=\"wp-block-embed__wrapper\">\n<iframe loading=\"lazy\" title=\"Ga\u00ebtan Constant - Intervention - Plan de mandat\" width=\"640\" height=\"360\" src=\"https:\/\/www.youtube.com\/embed\/LS4PdKSkkdM?feature=oembed\" frameborder=\"0\" allow=\"accelerometer; autoplay; clipboard-write; encrypted-media; gyroscope; picture-in-picture\" allowfullscreen><\/iframe>\n<\/div><\/figure>\n\n\n\n<p>Quand nous toutes et tous, ici, nous avons fait liste pour l\u2019\u00e9lection municipale, chacun des partis et mouvements est arriv\u00e9 avec ses valeurs et ses id\u00e9es pour Villeurbanne.<\/p>\n\n\n\n<p>La r\u00e9f\u00e9rence des membres de notre groupe, c\u2019\u00e9tait et c\u2019est toujours le programme de l\u2019Avenir en commun. Notre objectif, c\u2019\u00e9tait et c\u2019est toujours de porter les valeurs de ce programme, de porter le progr\u00e8s humain, dans notre commune.&nbsp;<\/p>\n\n\n\n<p>C\u2019est sur l\u2019urgence d\u00e9mocratique que s\u2019ouvre l&#8217;Avenir en commun et c\u2019est l\u2019urgence d\u00e9mocratique que nous avons apport\u00e9e dans notre programme local.<\/p>\n\n\n\n<p>Avec la charte d\u2019\u00e9thique Anticor des \u00e9lus, d\u00e9j\u00e0, que nous voterons tout \u00e0 l\u2019heure. Nous l\u2019avons d\u2019ores et d\u00e9j\u00e0 mise en place avec, par exemple, la modulation des indemnit\u00e9s en fonction de notre participation aux s\u00e9ances pl\u00e9ni\u00e8res. Si vous \u00eates absent ou absente, moins d&#8217;indemnit\u00e9s !<\/p>\n\n\n\n<p>L\u2019Assembl\u00e9e citoyenne, ensuite, avec un coll\u00e8ge d\u2019habitants et d\u2019habitantes tir\u00e9es au sort. <em>[Alors]<\/em> On est bien conscient que le tirage au sort demande plus d\u2019investissement de la part de la mairie, parce que les gens ne se sentent souvent pas concern\u00e9s, ou pas \u00e0 la hauteur, et il faut les convaincre du contraire. Et c\u2019est malgr\u00e9 tout un moyen tr\u00e8s efficace pour donner directement le pouvoir au peuple. Mais ce n\u2019est pas la seule condition : il faut aussi leur donner des moyens pour exercer ce pouvoir ! Les 6 millions d\u2019euros budg\u00e9t\u00e9s sur le mandat en sont un ; les propositions que l&#8217;Assembl\u00e9e fera \u00e0 l\u2019ex\u00e9cutif municipal en est un autre ; mais surtout, nous esp\u00e9rons que l\u2019Assembl\u00e9e en inventera de nouveaux !<\/p>\n\n\n\n<p>Plus largement, nous pourrions aussi \u00e9tendre le pouvoir d\u2019interpellation de tous les citoyens et citoyennes, en profitant, par exemple, du droit de p\u00e9tition local pour mettre en \u0153uvre des r\u00e9f\u00e9rendums d\u2019initiative locale et citoyenne. Et pourquoi pas proposer des ateliers de lois, pour que les habitants et habitantes puissent faire des propositions de d\u00e9lib\u00e9ration ?&nbsp;<\/p>\n\n\n\n<p>Plus les d\u00e9bats seront larges, au mieux notre d\u00e9mocratie fonctionnera ! Les jurys citoyens, les conf\u00e9rences de consensus, les comit\u00e9s d\u2019usagers dans les services publics communaux : nous esp\u00e9rons que toutes ces&nbsp; actions redonneront de l\u2019envie d\u2019agir.&nbsp;<\/p>\n\n\n\n<p>Bien s\u00fbr, il n\u2019y a pas que la d\u00e9mocratie locale que nous voulons porter. L\u2019am\u00e9lioration des conditions de travail des agents municipaux, la bifurcation \u00e9cologique avec la cr\u00e9ation de nombreux espaces verts, la lutte contre les discriminations et la pauvret\u00e9, le d\u00e9veloppement des services publics&nbsp;: il faut avancer sur tous les fronts ! D\u2019autres id\u00e9es ont d\u2019ailleurs fait leur chemin depuis notre \u00e9lection ; par exemple, le centre de sant\u00e9 s\u2019est transform\u00e9 en points sant\u00e9 et en bus sant\u00e9, pour aller vers les publics \u00e9loign\u00e9s de la pr\u00e9vention et du soin.<\/p>\n\n\n\n<p>En revanche, nous tenons \u00e0 le rappeler \u00e0 chaque fois que nous en aurons l\u2019occasion : s\u2019il y a bien une chose que nous n\u2019avons pas port\u00e9e et que nous ne portons toujours pas, c\u2019est la surveillance g\u00e9n\u00e9ralis\u00e9e. Et c\u2019est malheureusement ce qui est pr\u00e9vu dans cette PPI. Rien que dans la d\u00e9cision modificative n\u00b02 qui sera pr\u00e9sent\u00e9e tout \u00e0 l\u2019heure, plus de 422 000\u20ac sont pr\u00e9vus pour la vid\u00e9osurveillance, alors qu\u2019on aurait pu augmenter les budgets pr\u00e9vus pour mettre en place des mesures de pr\u00e9vention plus efficaces \u00e0 moyen et court terme.<\/p>\n\n\n\n<p>Cette d\u00e9lib\u00e9ration pr\u00e9sente le plan de mandat de la majorit\u00e9 et, je vous l\u2019annonce, le plan de mandat du groupe Villeurbanne Insoumise Ensemble ! sera quant \u00e0 lui de rester fid\u00e8les \u00e0 nous-m\u00eame, c\u2019est-\u00e0-dire fid\u00e8les au programme, attentifs et attentives aux politiques d\u00e9ploy\u00e9es, lanceurs d\u2019alerte et force de proposition.<\/p>\n\n\n\n<p>Notre groupe votera pour cette d\u00e9lib\u00e9ration. Je vous remercie.<\/p>\n","protected":false},"excerpt":{"rendered":"<p>La r\u00e9f\u00e9rence des membres de notre groupe, c\u2019\u00e9tait et c\u2019est toujours le programme de l\u2019Avenir en commun. Notre objectif, c\u2019\u00e9tait et c\u2019est toujours de porter les valeurs de ce programme, de porter le progr\u00e8s humain, dans notre commune. <\/p>\n","protected":false},"author":1,"featured_media":0,"comment_status":"open","ping_status":"open","sticky":false,"template":"","format":"standard","meta":[],"categories":[95,7,38],"tags":[36],"_links":{"self":[{"href":"https:\/\/villeurbanne-insoumise-ensemble.fr\/index.php?rest_route=\/wp\/v2\/posts\/214"}],"collection":[{"href":"https:\/\/villeurbanne-insoumise-ensemble.fr\/index.php?rest_route=\/wp\/v2\/posts"}],"about":[{"href":"https:\/\/villeurbanne-insoumise-ensemble.fr\/index.php?rest_route=\/wp\/v2\/types\/post"}],"author":[{"embeddable":true,"href":"https:\/\/villeurbanne-insoumise-ensemble.fr\/index.php?rest_route=\/wp\/v2\/users\/1"}],"replies":[{"embeddable":true,"href":"https:\/\/villeurbanne-insoumise-ensemble.fr\/index.php?rest_route=%2Fwp%2Fv2%2Fcomments&post=214"}],"version-history":[{"count":4,"href":"https:\/\/villeurbanne-insoumise-ensemble.fr\/index.php?rest_route=\/wp\/v2\/posts\/214\/revisions"}],"predecessor-version":[{"id":252,"href":"https:\/\/villeurbanne-insoumise-ensemble.fr\/index.php?rest_route=\/wp\/v2\/posts\/214\/revisions\/252"}],"wp:attachment":[{"href":"https:\/\/villeurbanne-insoumise-ensemble.fr\/index.php?rest_route=%2Fwp%2Fv2%2Fmedia&parent=214"}],"wp:term":[{"taxonomy":"category","embeddable":true,"href":"https:\/\/villeurbanne-insoumise-ensemble.fr\/index.php?rest_route=%2Fwp%2Fv2%2Fcategories&post=214"},{"taxonomy":"post_tag","embeddable":true,"href":"https:\/\/villeurbanne-insoumise-ensemble.fr\/index.php?rest_route=%2Fwp%2Fv2%2Ftags&post=214"}],"curies":[{"name":"wp","href":"https:\/\/api.w.org\/{rel}","templated":true}]}}