{"id":2136,"date":"2025-07-01T11:38:39","date_gmt":"2025-07-01T09:38:39","guid":{"rendered":"https:\/\/villeurbanne-insoumise-ensemble.fr\/?p=2136"},"modified":"2025-07-01T11:38:39","modified_gmt":"2025-07-01T09:38:39","slug":"notre-espoir-diminuer-les-budgets-militaires-abolir-les-armes-nucleaires","status":"publish","type":"post","link":"https:\/\/villeurbanne-insoumise-ensemble.fr\/?p=2136","title":{"rendered":"Notre espoir, diminuer les budgets militaires, abolir les armes nucl\u00e9aires"},"content":{"rendered":"\n<p><em>Par Julien RAVELLO<\/em><\/p>\n\n\n\n<figure class=\"wp-block-embed is-type-video is-provider-youtube wp-block-embed-youtube wp-embed-aspect-16-9 wp-has-aspect-ratio\"><div class=\"wp-block-embed__wrapper\">\n<iframe loading=\"lazy\" title=\"Julien RAVELLO - Notre espoir, diminuer les budgets militaires, abolir les armes nucl\u00e9aires\" width=\"640\" height=\"360\" src=\"https:\/\/www.youtube.com\/embed\/uYFrMX5H0Hw?feature=oembed\" frameborder=\"0\" allow=\"accelerometer; autoplay; clipboard-write; encrypted-media; gyroscope; picture-in-picture; web-share\" referrerpolicy=\"strict-origin-when-cross-origin\" allowfullscreen><\/iframe>\n<\/div><\/figure>\n\n\n\n<p>La d\u00e9lib\u00e9ration propos\u00e9e nous pr\u00e9sente des demandes de subvention pour des initiatives associatives que nous soutenons. L&#8217;une d&#8217;elle est celle de l&#8217;association Raja-Tikva, l&#8217;association Rh\u00f4ne-Alpes d&#8217;amiti\u00e9 Arabo-Juive. RAJA signifie espoir en arabe, TIKVA signifie espoir en h\u00e9breu.<\/p>\n\n\n\n<p>Nous saluons les travaux de cette association, essentiels en ces temps o\u00f9 les Juifs et les Arabes sont la cible de la m\u00eame x\u00e9nophobie raciste et antis\u00e9mite.<\/p>\n\n\n\n<p>Mais, comme d&#8217;autres avant nous aujourd\u2019hui ont \u00e9voqu\u00e9 des sujets nationaux et internationaux, nous allons profiter de cette d\u00e9lib\u00e9ration pour \u00e9voquer un autre espoir, en lien avec les propos liminaires du Maire sur l&#8217;attaque d&#8217;Isra\u00ebl en Iran : le d\u00e9sarmement nucl\u00e9aire.<\/p>\n\n\n\n<p>Le Trait\u00e9 de Non-Prolif\u00e9ration est un trait\u00e9 multilat\u00e9ral entr\u00e9 en vigueur en 1970 qui compte 191 membres et repose sur 3 piliers : le d\u00e9sarmement, la non-prolif\u00e9ration, et l\u2019usage pacifique de l\u2019\u00e9nergie nucl\u00e9aire.<\/p>\n\n\n\n<p>Malheureusement, ce trait\u00e9 est aujourd&#8217;hui moribond et le d\u00e9sarmement nucl\u00e9aire est au point mort alors qu&#8217;il est estim\u00e9 que les armes dans le monde pourraient annihiler 100 fois la plan\u00e8te.&nbsp;<\/p>\n\n\n\n<p>Comme la Cor\u00e9e du Nord, l&#8217;Inde ou le Pakistan, Isra\u00ebl n&#8217;est pas signataire de ce trait\u00e9 et poss\u00e8de pourtant des dizaines, voire centaines d&#8217;ogives nucl\u00e9aires. En justifiant sa guerre par l\u2019enjeu du nucl\u00e9aire iranien, M. Benyamin Netanyahou a pris plusieurs risques, dont le moindre n\u2019est pas celui de contaminer toute la r\u00e9gion, voire au-del\u00e0. Le directeur g\u00e9n\u00e9ral de l\u2019Agence internationale de l\u2019\u00e9nergie atomique (AIEA), a rappel\u00e9 que les infrastructures nucl\u00e9aires ne devaient jamais \u00eatre vis\u00e9es : <em>\u00ab Ces attaques sont lourdes de cons\u00e9quences pour la s\u00fbret\u00e9, la s\u00e9curit\u00e9 et les garanties nucl\u00e9aires, et nuisent \u00e9galement gravement \u00e0 la paix et \u00e0 la s\u00e9curit\u00e9 r\u00e9gionales et internationales&nbsp;\u00bb.<\/em><\/p>\n\n\n\n<p>Heureusement, des initiatives existent comme la Campagne internationale pour l&#8217;abolition des armes nucl\u00e9aires, prix Nobel de la paix en 2017, ou le Trait\u00e9 d&#8217;Interdiction des Armes Nucl\u00e9aires, adopt\u00e9 en juillet 2017 \u00e0 l&#8217;Assembl\u00e9e g\u00e9n\u00e9rale de l&#8217;ONU. Ce trait\u00e9 introduit une norme d\u2019interdiction totale des armes nucl\u00e9aires. Il les rend ill\u00e9gales, qu\u2019il s\u2019agisse de leur fabrication, de leur possession, ou encore de la menace de leur utilisation. En clair, il condamne toute strat\u00e9gie de dissuasion nucl\u00e9aire. Pourtant, aucun pays dot\u00e9 de la puissance nucl\u00e9aire, dont le n\u00f4tre, ne l\u2019a ratifi\u00e9.&nbsp;<\/p>\n\n\n\n<p>Contrairement aux derni\u00e8res d\u00e9cisions des pays europ\u00e9ens et des Etats-Unis, appelant \u00e0 l\u2019augmentation faramineuse des budgets militaires, nous souhaitons au contraire porter un v\u0153u d&#8217;espoir : la diminution des budgets militaires, l&#8217;abolition des armes nucl\u00e9aires de mani\u00e8re multilat\u00e9rale, et la paix.<\/p>\n","protected":false},"excerpt":{"rendered":"<p>Par Julien RAVELLO La d\u00e9lib\u00e9ration propos\u00e9e nous pr\u00e9sente des demandes de subvention pour des initiatives associatives que nous soutenons. L&#8217;une d&#8217;elle est celle de l&#8217;association Raja-Tikva, l&#8217;association Rh\u00f4ne-Alpes d&#8217;amiti\u00e9 Arabo-Juive. RAJA signifie espoir en arabe, TIKVA signifie espoir en h\u00e9breu. Nous saluons les travaux de cette association, essentiels en ces temps o\u00f9 les Juifs et&#8230;<\/p>\n","protected":false},"author":1,"featured_media":0,"comment_status":"open","ping_status":"open","sticky":false,"template":"","format":"standard","meta":[],"categories":[1],"tags":[193],"_links":{"self":[{"href":"https:\/\/villeurbanne-insoumise-ensemble.fr\/index.php?rest_route=\/wp\/v2\/posts\/2136"}],"collection":[{"href":"https:\/\/villeurbanne-insoumise-ensemble.fr\/index.php?rest_route=\/wp\/v2\/posts"}],"about":[{"href":"https:\/\/villeurbanne-insoumise-ensemble.fr\/index.php?rest_route=\/wp\/v2\/types\/post"}],"author":[{"embeddable":true,"href":"https:\/\/villeurbanne-insoumise-ensemble.fr\/index.php?rest_route=\/wp\/v2\/users\/1"}],"replies":[{"embeddable":true,"href":"https:\/\/villeurbanne-insoumise-ensemble.fr\/index.php?rest_route=%2Fwp%2Fv2%2Fcomments&post=2136"}],"version-history":[{"count":1,"href":"https:\/\/villeurbanne-insoumise-ensemble.fr\/index.php?rest_route=\/wp\/v2\/posts\/2136\/revisions"}],"predecessor-version":[{"id":2137,"href":"https:\/\/villeurbanne-insoumise-ensemble.fr\/index.php?rest_route=\/wp\/v2\/posts\/2136\/revisions\/2137"}],"wp:attachment":[{"href":"https:\/\/villeurbanne-insoumise-ensemble.fr\/index.php?rest_route=%2Fwp%2Fv2%2Fmedia&parent=2136"}],"wp:term":[{"taxonomy":"category","embeddable":true,"href":"https:\/\/villeurbanne-insoumise-ensemble.fr\/index.php?rest_route=%2Fwp%2Fv2%2Fcategories&post=2136"},{"taxonomy":"post_tag","embeddable":true,"href":"https:\/\/villeurbanne-insoumise-ensemble.fr\/index.php?rest_route=%2Fwp%2Fv2%2Ftags&post=2136"}],"curies":[{"name":"wp","href":"https:\/\/api.w.org\/{rel}","templated":true}]}}