{"id":2134,"date":"2025-07-01T11:37:08","date_gmt":"2025-07-01T09:37:08","guid":{"rendered":"https:\/\/villeurbanne-insoumise-ensemble.fr\/?p=2134"},"modified":"2025-07-01T11:55:23","modified_gmt":"2025-07-01T09:55:23","slug":"2134","status":"publish","type":"post","link":"https:\/\/villeurbanne-insoumise-ensemble.fr\/?p=2134","title":{"rendered":"Juin, un mois de lutte pour les LGBTQIA+"},"content":{"rendered":"\n<p><em>Par Alex GORRIQUER<\/em><\/p>\n\n\n\n<figure class=\"wp-block-embed is-type-video is-provider-youtube wp-block-embed-youtube wp-embed-aspect-16-9 wp-has-aspect-ratio\"><div class=\"wp-block-embed__wrapper\">\n<iframe loading=\"lazy\" title=\"Alex GORRIQUER - Juin, un mois de lutte pour les LGBTQIA+\" width=\"640\" height=\"360\" src=\"https:\/\/www.youtube.com\/embed\/TyDmgaBbrBY?feature=oembed\" frameborder=\"0\" allow=\"accelerometer; autoplay; clipboard-write; encrypted-media; gyroscope; picture-in-picture; web-share\" referrerpolicy=\"strict-origin-when-cross-origin\" allowfullscreen><\/iframe>\n<\/div><\/figure>\n\n\n\n<p><br>Il y a deux jours, nous f\u00eations les 56 ans des \u00e9meutes de Stonewall. Ce n\u2019\u00e9taient pas les premi\u00e8res ripostes face \u00e0 l\u2019homophobie et la transphobie d&#8217;\u00c9tat et de la police. Mais ce sont bien les \u00e9meutes de Stonewall qui ont institu\u00e9 le d\u00e9but du mouvement de lutte pour les droits des personnes LGBTQIA+.<\/p>\n\n\n\n<p>Chaque ann\u00e9e, au mois de Juin, nous c\u00e9l\u00e9brons les fiert\u00e9s en portant haut les diff\u00e9rentes couleurs et les diff\u00e9rents drapeaux de cette communaut\u00e9. Ce mois n\u2019est pas et ne doit pas \u00eatre un mois pour vendre des produits arc-en-ciel, ou pour faire sa publicit\u00e9 politique. Ce mois est un mois de lutte pour les personnes LGBTQIA+.<\/p>\n\n\n\n<p>C\u2019est durant ce mois qu\u2019ont lieu les <em>prides<\/em>, ou marche des fiert\u00e9s. Ces marches rassemblent plusieurs milliers de personnes pour d\u00e9fendre les droits des personnes LGBTQIA+ et en demander de nouveaux.<\/p>\n\n\n\n<p>Malheureusement, les <em>prides<\/em> ont depuis plusieurs ann\u00e9es perdu leur apparence politique et revendicatrice, m\u00eame si \u00eatre lesbienne, gay, bi ou trans est politique, en faisant des marches festives, o\u00f9 les revendications politiques sont absentes. En pactisant avec le lib\u00e9ralisme, les luttes LGBTQIA+ ont perdu leur radicalit\u00e9. Pour rappel, en France le d\u00e9but du mouvement de lutte pour les droits LGBTQIA+ c\u2019est avec le FHAR (Front Homosexuel d\u2019Action R\u00e9volutionnaire) et les Gouines Rouges.<\/p>\n\n\n\n<p>Heureusement, des initiatives voient le jour, comme la <em>Pride<\/em> des banlieues en \u00cele-de-France, ou des <em>prides<\/em> radicales dans plusieurs villes, plus politiques et revendicatrices.<\/p>\n\n\n\n<p>Aujourd\u2019hui, \u00e0 l\u2019heure o\u00f9 une internationale r\u00e9actionnaire et fasciste se met en place, o\u00f9 le lib\u00e9ralisme est pr\u00eat \u00e0 accepter le fascisme, les femmes trans sont particuli\u00e8rement d\u00e9sign\u00e9es comme des cibles. Aux USA ou en Angleterre, les femmes trans sont vis\u00e9es par des d\u00e9crets et des d\u00e9cisions de justice injustes ne se basant sur rien de scientifique. Ces mesures viennent \u00e0 viser des femmes cis qui sont prises pour des femmes trans.<\/p>\n\n\n\n<p>Car oui attaquer les femmes trans, c\u2019est attaquer toutes les femmes.<\/p>\n\n\n\n<p>En France, le gouvernement Macron s&#8217;est souvent affich\u00e9 aux c\u00f4t\u00e9s de transphobes telles que Marguerite Stern ou Dora Moutot par exemple. Mais aussi, les d\u00e9bats sur l\u2019interdiction des th\u00e9rapies de conversion, ont montr\u00e9 une homophobie et une transphobie syst\u00e9miques encore tr\u00e8s pr\u00e9sentes dans les institutions politiques.<\/p>\n\n\n\n<p>Nous apercevons \u00e9galement une perc\u00e9e r\u00e9actionnaire dans certains milieux tels que le journalisme ou la culture, o\u00f9 plusieurs artistes n\u2019h\u00e9sitent pas \u00e0 sortir des textes ouvertement r\u00e9actionnaires, homophobes et transphobes. C\u2019est \u00e0 nous, en tant qu\u2019\u00e9lu\u00b7es, de prendre aussi une part des responsabilit\u00e9s, et \u00e0 notre \u00e9chelle, d\u2019emp\u00eacher que ce genre de choses ne puisse arriver, ou se reproduire.<\/p>\n\n\n\n<p>Les personnes trans sont aussi des citoyens et citoyennes, nous devons les prot\u00e9ger au m\u00eame titre que les autres.<\/p>\n\n\n\n<p>Dans cette mont\u00e9e inqui\u00e9tante du fascisme et de l\u2019extr\u00eame droite, le travail des associations f\u00e9ministes et LGBTQIA+ pr\u00e9sent dans cette d\u00e9lib\u00e9ration contribuent \u00e0 nous donner de l\u2019espoir et le sourire, comme par exemple Geek et Gamer LGBT avec le festival Next Gaymer, un festival d\u00e9di\u00e9 au <em>gaming<\/em> qui met en avant les personnes LGBTQIA+ dans ce milieu. Je profite donc de ce rapport pour remercier toutes ces associations.<\/p>\n","protected":false},"excerpt":{"rendered":"<p>Par Alex GORRIQUER Il y a deux jours, nous f\u00eations les 56 ans des \u00e9meutes de Stonewall. Ce n\u2019\u00e9taient pas les premi\u00e8res ripostes face \u00e0 l\u2019homophobie et la transphobie d&#8217;\u00c9tat et de la police. Mais ce sont bien les \u00e9meutes de Stonewall qui ont institu\u00e9 le d\u00e9but du mouvement de lutte pour les droits des&#8230;<\/p>\n","protected":false},"author":1,"featured_media":0,"comment_status":"open","ping_status":"open","sticky":false,"template":"","format":"standard","meta":[],"categories":[1],"tags":[57],"_links":{"self":[{"href":"https:\/\/villeurbanne-insoumise-ensemble.fr\/index.php?rest_route=\/wp\/v2\/posts\/2134"}],"collection":[{"href":"https:\/\/villeurbanne-insoumise-ensemble.fr\/index.php?rest_route=\/wp\/v2\/posts"}],"about":[{"href":"https:\/\/villeurbanne-insoumise-ensemble.fr\/index.php?rest_route=\/wp\/v2\/types\/post"}],"author":[{"embeddable":true,"href":"https:\/\/villeurbanne-insoumise-ensemble.fr\/index.php?rest_route=\/wp\/v2\/users\/1"}],"replies":[{"embeddable":true,"href":"https:\/\/villeurbanne-insoumise-ensemble.fr\/index.php?rest_route=%2Fwp%2Fv2%2Fcomments&post=2134"}],"version-history":[{"count":2,"href":"https:\/\/villeurbanne-insoumise-ensemble.fr\/index.php?rest_route=\/wp\/v2\/posts\/2134\/revisions"}],"predecessor-version":[{"id":2139,"href":"https:\/\/villeurbanne-insoumise-ensemble.fr\/index.php?rest_route=\/wp\/v2\/posts\/2134\/revisions\/2139"}],"wp:attachment":[{"href":"https:\/\/villeurbanne-insoumise-ensemble.fr\/index.php?rest_route=%2Fwp%2Fv2%2Fmedia&parent=2134"}],"wp:term":[{"taxonomy":"category","embeddable":true,"href":"https:\/\/villeurbanne-insoumise-ensemble.fr\/index.php?rest_route=%2Fwp%2Fv2%2Fcategories&post=2134"},{"taxonomy":"post_tag","embeddable":true,"href":"https:\/\/villeurbanne-insoumise-ensemble.fr\/index.php?rest_route=%2Fwp%2Fv2%2Ftags&post=2134"}],"curies":[{"name":"wp","href":"https:\/\/api.w.org\/{rel}","templated":true}]}}