{"id":2132,"date":"2025-07-01T11:36:06","date_gmt":"2025-07-01T09:36:06","guid":{"rendered":"https:\/\/villeurbanne-insoumise-ensemble.fr\/?p=2132"},"modified":"2025-07-01T11:36:07","modified_gmt":"2025-07-01T09:36:07","slug":"nous-soutenons-les-libertes-academiques","status":"publish","type":"post","link":"https:\/\/villeurbanne-insoumise-ensemble.fr\/?p=2132","title":{"rendered":"Nous soutenons les libert\u00e9s acad\u00e9miques !"},"content":{"rendered":"\n<p><em>Par Olivier GL\u00dcCK<\/em><\/p>\n\n\n\n<figure class=\"wp-block-embed is-type-video is-provider-youtube wp-block-embed-youtube wp-embed-aspect-16-9 wp-has-aspect-ratio\"><div class=\"wp-block-embed__wrapper\">\n<iframe loading=\"lazy\" title=\"Olivier GL\u00dcCK - Nous soutenons les libert\u00e9s acad\u00e9miques !\" width=\"640\" height=\"360\" src=\"https:\/\/www.youtube.com\/embed\/MLkPAzKP-a0?feature=oembed\" frameborder=\"0\" allow=\"accelerometer; autoplay; clipboard-write; encrypted-media; gyroscope; picture-in-picture; web-share\" referrerpolicy=\"strict-origin-when-cross-origin\" allowfullscreen><\/iframe>\n<\/div><\/figure>\n\n\n\n<p>J\u2019aime \u00e0 dire que la connaissance est un bien commun, peut-\u00eatre le plus important de nos soci\u00e9t\u00e9s. Plus on la partage, plus elle se multiplie et plus l\u2019humanit\u00e9 progresse dans son ensemble.<\/p>\n\n\n\n<p>Gr\u00e2ce \u00e0 ce partenariat avec l&#8217;Universit\u00e9 Lyon 2, nous apportons notre soutien \u00e0 la libert\u00e9 acad\u00e9mique, \u00e0 la production des savoirs parfois critiques, et \u00e0 leur enseignement. Je ne pense pas avoir besoin d&#8217;expliquer ici en quoi l&#8217;ind\u00e9pendance des universit\u00e9s et de leurs savoirs scientifiques est essentielle pour nous \u00e9clairer en tant que citoyennes et citoyens, et faire respirer notre d\u00e9mocratie.&nbsp;<\/p>\n\n\n\n<p>Il faut rappeler le contexte de cette d\u00e9lib\u00e9ration pour mieux comprendre son importance. Depuis le mois de mars, l&#8217;universit\u00e9 Lyon 2 est absurdement attaqu\u00e9e, d&#8217;une part par les m\u00e9dias d&#8217;extr\u00eame-droite de la sph\u00e8re Bollor\u00e9, et d&#8217;autre part par certains politiciens. Alors que la pr\u00e9sidente de l&#8217;universit\u00e9 \u00e9tait menac\u00e9e de mort et plac\u00e9e sous protection polici\u00e8re, alors que son vice-pr\u00e9sident a \u00e9t\u00e9 contraint \u00e0 la d\u00e9mission \u00e0 cause de pol\u00e9miques mont\u00e9es sur les r\u00e9seaux sociaux, c&#8217;est le moment qu&#8217;a choisi Laurent Wauquiez (devenu \u00ab conseiller sp\u00e9cial \u00bb \u00e0 la r\u00e9gion Auvergne-Rh\u00f4ne-Alpes dont il n&#8217;est pourtant plus le pr\u00e9sident&#8230;) pour annoncer la suppression d&#8217;une subvention de pr\u00e8s de 19 millions d&#8217;euros \u00e0 cette universit\u00e9 et une mission d&#8217;information sur de soi-disant \u00ab d\u00e9rives pr\u00e9occupantes \u00bb. Cette instrumentalisation politicienne, pour mieux faire parler de sa personne au moment des \u00e9lections internes \u00e0 son parti, est d&#8217;une gravit\u00e9 sans nom, comme l&#8217;est le risque de stigmatisation et de censure r\u00e9actionnaire recherch\u00e9 par les auteurs de ces pol\u00e9miques.&nbsp;<\/p>\n\n\n\n<p>Cette offensive contre Lyon 2 n&#8217;est malheureusement pas la seule. En 2021, le m\u00eame pr\u00e9sident de r\u00e9gion avait suspendu le financement de Science Po Grenoble en pr\u00e9textant une \u00ab d\u00e9rive id\u00e9ologique \u00bb wokiste, quoi que cela puisse bien vouloir dire. A l&#8217;Ecole Nationale Sup\u00e9rieure de Lyon, une conf\u00e9rence sur l&#8217;histoire de la Palestine a \u00e9t\u00e9 interrompue par une vingtaine de personnes hostiles et insultantes. A plusieurs reprises, la pr\u00e9fecture du Rh\u00f4ne a interdit des conf\u00e9rences sur Gaza \u00e0 l&#8217;universit\u00e9 Lyon 2. Dans quelle d\u00e9mocratie sommes-nous, pour que la r\u00e9flexion intellectuelle pr\u00e9sente au sein des universit\u00e9s soit attaqu\u00e9e, parfois censur\u00e9e, lorsqu&#8217;elle est non align\u00e9e sur certains discours officiels de certains dirigeants nationaux ? Cela fait \u00e9cho \u00e0 la politique de Trump ces derni\u00e8res semaines qui s&#8217;est attaqu\u00e9e frontalement aux universit\u00e9s am\u00e9ricaines.<\/p>\n\n\n\n<p>A cela s&#8217;ajoute les paniques morales lanc\u00e9es et entretenues par certains membres du gouvernement, dans une connivence gla\u00e7ante avec l&#8217;extr\u00eame-droite : \u00ab islamo-gauchisme \u00bb, \u00ab islamo-wokisme \u00bb, et d\u00e9sormais \u00ab entrisme \u00bb : tous ces termes n&#8217;ont pour int\u00e9r\u00eat que de stigmatiser d&#8217;une part la religion musulmane, et par ailleurs les oppositions de gauche. On serait bien en peine de d\u00e9finir ces termes, comme le rappelle le CNRS, puisqu&#8217;ils ne correspondent \u00e0 \u00ab aucune r\u00e9alit\u00e9 scientifique \u00bb.&nbsp;<\/p>\n\n\n\n<p>Ces d\u00e9bats sans fond emp\u00eachent de parler des v\u00e9ritables d\u00e9fis de l&#8217;universit\u00e9, au premier duquel la pr\u00e9carit\u00e9 \u00e9tudiante et enseignante. En d\u00e9cembre 2024, l&#8217;ENS de Lyon et l&#8217;universit\u00e9 de Lyon 2 alertaient sur \u00ab la situation financi\u00e8re assez dramatique \u00bb dans laquelle elles se trouvent, avec pour cette derni\u00e8re un d\u00e9ficit de plus de 8 millions d&#8217;euros en 2025. Cette aust\u00e9rit\u00e9 est vraie partout en France : certaines universit\u00e9s pourraient m\u00eame se retrouver cette ann\u00e9e en cessation de paiement, ayant d\u00e9j\u00e0 \u00e9puis\u00e9 leur fond de roulement. Hausse des d\u00e9penses obligatoires, pas assez de recettes, et une d\u00e9pense par \u00e9tudiant qui a baiss\u00e9 de presque 10% entre 2008 et 2018 : voil\u00e0 la vraie urgence de l&#8217;universit\u00e9.&nbsp;<\/p>\n\n\n\n<p>Nous voterons bien s\u00fbr pour ce rapport.<\/p>\n","protected":false},"excerpt":{"rendered":"<p>Par Olivier GL\u00dcCK J\u2019aime \u00e0 dire que la connaissance est un bien commun, peut-\u00eatre le plus important de nos soci\u00e9t\u00e9s. Plus on la partage, plus elle se multiplie et plus l\u2019humanit\u00e9 progresse dans son ensemble. Gr\u00e2ce \u00e0 ce partenariat avec l&#8217;Universit\u00e9 Lyon 2, nous apportons notre soutien \u00e0 la libert\u00e9 acad\u00e9mique, \u00e0 la production des&#8230;<\/p>\n","protected":false},"author":1,"featured_media":0,"comment_status":"open","ping_status":"open","sticky":false,"template":"","format":"standard","meta":[],"categories":[1],"tags":[54,195],"_links":{"self":[{"href":"https:\/\/villeurbanne-insoumise-ensemble.fr\/index.php?rest_route=\/wp\/v2\/posts\/2132"}],"collection":[{"href":"https:\/\/villeurbanne-insoumise-ensemble.fr\/index.php?rest_route=\/wp\/v2\/posts"}],"about":[{"href":"https:\/\/villeurbanne-insoumise-ensemble.fr\/index.php?rest_route=\/wp\/v2\/types\/post"}],"author":[{"embeddable":true,"href":"https:\/\/villeurbanne-insoumise-ensemble.fr\/index.php?rest_route=\/wp\/v2\/users\/1"}],"replies":[{"embeddable":true,"href":"https:\/\/villeurbanne-insoumise-ensemble.fr\/index.php?rest_route=%2Fwp%2Fv2%2Fcomments&post=2132"}],"version-history":[{"count":1,"href":"https:\/\/villeurbanne-insoumise-ensemble.fr\/index.php?rest_route=\/wp\/v2\/posts\/2132\/revisions"}],"predecessor-version":[{"id":2133,"href":"https:\/\/villeurbanne-insoumise-ensemble.fr\/index.php?rest_route=\/wp\/v2\/posts\/2132\/revisions\/2133"}],"wp:attachment":[{"href":"https:\/\/villeurbanne-insoumise-ensemble.fr\/index.php?rest_route=%2Fwp%2Fv2%2Fmedia&parent=2132"}],"wp:term":[{"taxonomy":"category","embeddable":true,"href":"https:\/\/villeurbanne-insoumise-ensemble.fr\/index.php?rest_route=%2Fwp%2Fv2%2Fcategories&post=2132"},{"taxonomy":"post_tag","embeddable":true,"href":"https:\/\/villeurbanne-insoumise-ensemble.fr\/index.php?rest_route=%2Fwp%2Fv2%2Ftags&post=2132"}],"curies":[{"name":"wp","href":"https:\/\/api.w.org\/{rel}","templated":true}]}}