{"id":2128,"date":"2025-07-01T11:33:55","date_gmt":"2025-07-01T09:33:55","guid":{"rendered":"https:\/\/villeurbanne-insoumise-ensemble.fr\/?p=2128"},"modified":"2025-07-01T11:58:22","modified_gmt":"2025-07-01T09:58:22","slug":"le-chateau-nous-poursuivons-lesprit-du-projet","status":"publish","type":"post","link":"https:\/\/villeurbanne-insoumise-ensemble.fr\/?p=2128","title":{"rendered":"Le Ch\u00e2teau : nous poursuivons l&#8217;esprit du projet !"},"content":{"rendered":"\n<p><em>Par Mathieu GARABEDIAN<\/em><\/p>\n\n\n\n<figure class=\"wp-block-embed is-type-video is-provider-youtube wp-block-embed-youtube wp-embed-aspect-16-9 wp-has-aspect-ratio\"><div class=\"wp-block-embed__wrapper\">\n<iframe loading=\"lazy\" title=\"Mathieu GARABEDIAN - Le Ch\u00e2teau : nous poursuivons l&#039;esprit du projet !\" width=\"640\" height=\"360\" src=\"https:\/\/www.youtube.com\/embed\/mdHEGkMYSfg?feature=oembed\" frameborder=\"0\" allow=\"accelerometer; autoplay; clipboard-write; encrypted-media; gyroscope; picture-in-picture; web-share\" referrerpolicy=\"strict-origin-when-cross-origin\" allowfullscreen><\/iframe>\n<\/div><\/figure>\n\n\n\n<p>C&#8217;est un rapport sur les orientations du site d&#8217;hospitalit\u00e9 Le Ch\u00e2teau. Le Ch\u00e2teau est un des premiers projets d&#8217;ampleur de notre politique d&#8217;hospitalit\u00e9 et de lutte contre le sans-abrisme que nous avons men\u00e9 au d\u00e9but de ce mandat. C&#8217;est pour nous un projet un peu particulier. Je regarde aussi mon coll\u00e8gue Antoine PELCE avec qui nous avons beaucoup travaill\u00e9 sur le sujet.<\/p>\n\n\n\n<p>C&#8217;est un des projets o\u00f9 nous avons aussi mis en place notre logique d&#8217;occupation temporaire du patrimoine vacant, du patrimoine municipal. C&#8217;est une ancienne r\u00e9sidence autonomie EHPAD, la r\u00e9sidence Ch\u00e2teau-Gaillard qui avait d\u00e9m\u00e9nag\u00e9, ce qui permettait de proposer un nouveau projet sur ce site, qui a permis d&#8217;h\u00e9berger deux cent personnes dans un moment o\u00f9 le besoin de places d&#8217;h\u00e9bergement d&#8217;urgence est plus que jamais criant.<\/p>\n\n\n\n<p>C&#8217;est un projet qui nous \u00e9galement permis de travailler ce que nous pourrions appeler de la coop\u00e9ration inter-associative. Nous avons men\u00e9 ce projet avec Est M\u00e9tropole Habitat et le GIE La Ville Autrement, qui portait l&#8217;organisation et le projet en tant que tels, mais avec l&#8217;association Alyn\u00e9a, Forum R\u00e9fugi\u00e9s, avec Accol\u00e9a. Nous avions le club ASVEL VBF f\u00e9minin qui \u00e9tait \u00e9galement de la partie puisque d\u00e9j\u00e0 pr\u00e9sent sur le site.<\/p>\n\n\n\n<p>Nous avions l&#8217;envie que ce soit un lieu o\u00f9 il y ait plusieurs associations pour aussi leur permettre de travailler ensemble et essayer de g\u00e9n\u00e9rer des synergies, notamment de leurs \u00e9quipes de travail social, au service des personnes qui habiteraient sur le lieu.<\/p>\n\n\n\n<p>Nous avions \u00e9galement une autre exigence qui \u00e9tait de construire selon le choix des personnes qui allaient arriver sur le Ch\u00e2teau, dans logique que nous avions appel\u00e9e \u00ab&nbsp;le droit \u00e0 l&#8217;habiter&nbsp;\u00bb. Je vais peut-\u00eatre encore me faire critiquer pour parler d&#8217;habiteurs et d&#8217;habiteuses, mais en tout cas nous avions la notion de d\u00e9passer m\u00eame la question du droit au logement, qui est \u00e9videmment un droit fondamental, mais de le d\u00e9passer vers la question de l&#8217;habiter. C&#8217;est-\u00e0-dire, ne pas seulement proposer des espaces privatifs avec cuisine, chambre, salle d&#8217;eau, mais \u00e9galement des espaces partag\u00e9s, des salles d&#8217;activit\u00e9s, un salon de coiffure. Nous avions m\u00eame \u00e9mis la possibilit\u00e9 d&#8217;avoir des chambres d&#8217;amis pour que les personnes des centres d&#8217;h\u00e9bergement puissent inviter des gens sur le site et \u00eatre fiers de pouvoir accueillir des gens l\u00e0 o\u00f9 ils habitaient.<\/p>\n\n\n\n<p>Nous avons le restaurant Chez Maguy, qui \u00e9taient historiquement dans le quartier et qui a aussi trouv\u00e9 place au sein du projet pour essayer de le connecter avec son environnement imm\u00e9diat. Et puis, au cours du projet, en discutant avec Alyn\u00e9a, nous avons m\u00eame eu l&#8217;ouverture d&#8217;un espace parental \u00ab&nbsp;Les petits gaillards&nbsp;\u00bb qui a permis de travailler d&#8217;autres politiques publiques sur la petite enfance, les questions de parentalit\u00e9.<\/p>\n\n\n\n<p>C&#8217;\u00e9tait tout \u00e7a le projet. Nous n&#8217;avions pas tout en t\u00eate initialement, mais en tout cas c&#8217;est comme \u00e7a que nous avions imagin\u00e9 conduire et construire en marchant ce projet. \u00c9videmment ce n&#8217;est pas le projet parfait, on sait que nous sommes sur des b\u00e2timents tr\u00e8s vieillissants avec des besoins de travaux assez lourds sur le b\u00e2ti. Il y a toujours des choses \u00e0 am\u00e9liorer sur l&#8217;articulation avec les personnes qui sont pr\u00e9sentes sur le site, entre les financeurs, que ce soit la M\u00e9tropole ou l&#8217;Etat.<\/p>\n\n\n\n<p>En tout cas, c&#8217;est une occupation temporaire qui aujourd&#8217;hui, avec la pr\u00e9sentation de ce rapport, devient une op\u00e9ration d&#8217;urbanisme pr\u00e9figurateur puisque l&#8217;enjeu est bien de poursuivre l&#8217;esprit du projet tel qu&#8217;on l&#8217;a men\u00e9 ces derni\u00e8res ann\u00e9es, mais aussi de lui trouver un mod\u00e8le \u00e9conomique qui puisse durer dans le temps et qui puisse permettre de fixer ces orientations dans la dur\u00e9e.<\/p>\n\n\n\n<p>Le rapport vous pr\u00e9sente ces quelques orientations. Nous avons r\u00e9fl\u00e9chi \u00e0 une programmation qui vous est \u00e9galement pr\u00e9sent\u00e9e et qui permet de combiner \u00e0 la fois de l&#8217;habitat libre pour assurer le mod\u00e8le \u00e9conomique, mais aussi l&#8217;installation d&#8217;un centre provisoire d&#8217;h\u00e9bergement qui serait port\u00e9 par Forum R\u00e9fugi\u00e9 qui \u00e9tait d\u00e9j\u00e0 pr\u00e9sent sur le site. Une pension de famille de 30 logements qui, elle, n&#8217;existait pas et qui arriverait sur le Ch\u00e2teau, et puis un centre d&#8217;h\u00e9bergement d&#8217;urgence et de r\u00e9insertion sociale qui permettrait de maintenir l&#8217;offre qui \u00e9tait pr\u00e9sente sur ce site.<\/p>\n\n\n\n<p>Le projet continue d&#8217;ici l&#8217;installation de ce nouveau projet, qui est renforc\u00e9 depuis un peu moins d&#8217;un an par une nouvelle animatrice-coordinatrice qui continue \u00e0 faire vivre l&#8217;animation sociale sur le site.<\/p>\n\n\n\n<p>Pour une mini parenth\u00e8se, parce qu&#8217;on se permet des petites parenth\u00e8ses depuis le d\u00e9but du conseil municipal. On est en train de subir une canicule impressionnante en France et dans tout le sud de l&#8217;Europe. \u00c9videmment, sur les questions de logement on sait qu&#8217;elles sont dramatiques pour toutes les personnes qui vivent dans ce qu&#8217;on appelle les \u00ab&nbsp;bouilloires thermiques&nbsp;\u00bb. C&#8217;est entre 4 000 et 5 000 personnes qui meurent de ces causes chaque ann\u00e9e.<\/p>\n\n\n\n<p>Pour les personnes \u00e0 la rue, on parle souvent du froid et de l&#8217;hiver pour les personnes qui sont sans-abris, mais malheureusement l&#8217;\u00e9t\u00e9 est tout aussi mortel avec des risques de d\u00e9shydratation ou d&#8217;hyper-thermie. Nous pensons \u00e0 toutes ces personnes qui vivent ces situations qui sont intol\u00e9rables.<\/p>\n\n\n\n<p><em>Housing Europe<\/em> et des maires de toute l&#8217;Europe ont propos\u00e9 un plan \u00e0 300 milliards d&#8217;euros, et avec 100 milliards d&#8217;investissement on r\u00e9ussirait \u00e0 traiter une grande partie du logement abordable et d\u00e9cent en Europe. 100 milliards sur toute l&#8217;Europe, quand aujourd&#8217;hui on nous parle d&#8217;augmentation des budgets de la d\u00e9fense en France, sur l&#8217;armement, de la m\u00eame somme. Voil\u00e0 ce qui pourrait nous permettre de r\u00e9soudre la question qu&#8217;on aime \u00e0 r\u00e9p\u00e9ter souvent&nbsp;: un toit, c&#8217;est un droit.<\/p>\n","protected":false},"excerpt":{"rendered":"<p>Par Mathieu GARABEDIAN C&#8217;est un rapport sur les orientations du site d&#8217;hospitalit\u00e9 Le Ch\u00e2teau. Le Ch\u00e2teau est un des premiers projets d&#8217;ampleur de notre politique d&#8217;hospitalit\u00e9 et de lutte contre le sans-abrisme que nous avons men\u00e9 au d\u00e9but de ce mandat. C&#8217;est pour nous un projet un peu particulier. Je regarde aussi mon coll\u00e8gue Antoine&#8230;<\/p>\n","protected":false},"author":1,"featured_media":0,"comment_status":"open","ping_status":"open","sticky":false,"template":"","format":"standard","meta":[],"categories":[1],"tags":[53,180],"_links":{"self":[{"href":"https:\/\/villeurbanne-insoumise-ensemble.fr\/index.php?rest_route=\/wp\/v2\/posts\/2128"}],"collection":[{"href":"https:\/\/villeurbanne-insoumise-ensemble.fr\/index.php?rest_route=\/wp\/v2\/posts"}],"about":[{"href":"https:\/\/villeurbanne-insoumise-ensemble.fr\/index.php?rest_route=\/wp\/v2\/types\/post"}],"author":[{"embeddable":true,"href":"https:\/\/villeurbanne-insoumise-ensemble.fr\/index.php?rest_route=\/wp\/v2\/users\/1"}],"replies":[{"embeddable":true,"href":"https:\/\/villeurbanne-insoumise-ensemble.fr\/index.php?rest_route=%2Fwp%2Fv2%2Fcomments&post=2128"}],"version-history":[{"count":3,"href":"https:\/\/villeurbanne-insoumise-ensemble.fr\/index.php?rest_route=\/wp\/v2\/posts\/2128\/revisions"}],"predecessor-version":[{"id":2142,"href":"https:\/\/villeurbanne-insoumise-ensemble.fr\/index.php?rest_route=\/wp\/v2\/posts\/2128\/revisions\/2142"}],"wp:attachment":[{"href":"https:\/\/villeurbanne-insoumise-ensemble.fr\/index.php?rest_route=%2Fwp%2Fv2%2Fmedia&parent=2128"}],"wp:term":[{"taxonomy":"category","embeddable":true,"href":"https:\/\/villeurbanne-insoumise-ensemble.fr\/index.php?rest_route=%2Fwp%2Fv2%2Fcategories&post=2128"},{"taxonomy":"post_tag","embeddable":true,"href":"https:\/\/villeurbanne-insoumise-ensemble.fr\/index.php?rest_route=%2Fwp%2Fv2%2Ftags&post=2128"}],"curies":[{"name":"wp","href":"https:\/\/api.w.org\/{rel}","templated":true}]}}