{"id":2108,"date":"2025-06-02T10:42:49","date_gmt":"2025-06-02T08:42:49","guid":{"rendered":"https:\/\/villeurbanne-insoumise-ensemble.fr\/?p=2108"},"modified":"2025-06-02T10:42:50","modified_gmt":"2025-06-02T08:42:50","slug":"retrouvons-la-souverainete-sur-notre-alimentation","status":"publish","type":"post","link":"https:\/\/villeurbanne-insoumise-ensemble.fr\/?p=2108","title":{"rendered":"Retrouvons la souverainet\u00e9 sur notre alimentation !"},"content":{"rendered":"\n<p><em>Par Laurent LEGENDRE<\/em><\/p>\n\n\n\n<figure class=\"wp-block-embed is-type-video is-provider-youtube wp-block-embed-youtube wp-embed-aspect-16-9 wp-has-aspect-ratio\"><div class=\"wp-block-embed__wrapper\">\n<iframe loading=\"lazy\" title=\"Retrouvons la souverainet\u00e9 sur notre alimentation !\" width=\"640\" height=\"360\" src=\"https:\/\/www.youtube.com\/embed\/D7s75D9_6pk?feature=oembed\" frameborder=\"0\" allow=\"accelerometer; autoplay; clipboard-write; encrypted-media; gyroscope; picture-in-picture; web-share\" referrerpolicy=\"strict-origin-when-cross-origin\" allowfullscreen><\/iframe>\n<\/div><\/figure>\n\n\n\n<p>Quelques mots \u00e0 l\u2019occasion de cette d\u00e9lib\u00e9ration pour rentrer dans le d\u00e9tail et la diversit\u00e9 des organismes que nous subventionnons. Il s\u2019agit de subventions sur le volet de la transition \u00e9cologique, mais nous allons voir qu\u2019elles s\u2019inscrivent dans un enjeu d\u00e9mocratique et social, dans une coh\u00e9rence globale du projet de soci\u00e9t\u00e9 que nous portons.<\/p>\n\n\n\n<p>La somme globale de 17 500 \u20ac est modeste mais elle sera compl\u00e9t\u00e9e en novembre par une deuxi\u00e8me vague. Elle a le m\u00e9rite de perdurer dans une p\u00e9riode d\u2019aust\u00e9rit\u00e9 budg\u00e9taire organis\u00e9e par les trait\u00e9s europ\u00e9ens lib\u00e9raux et l\u2019Etat macroniste, contrairement \u00e0 d\u2019autres collectivit\u00e9s comme le D\u00e9partement du Rh\u00f4ne qui a r\u00e9cemment et honteusement supprim\u00e9 80 000 \u20ac de subventions \u00e0 France Nature Environnement, \u00e0 la Ligue de Protection des oiseaux et \u00e0 Arthropologia. C\u2019est d\u00e9sormais devenu un fait r\u00e9current de la part de la Droite dite \u00ab R\u00e9publicaine \u00bb en France, d\u2019utiliser le chantage \u00e0 la subvention comme instrument politique de pression contre des actions citoyennes qui rel\u00e8vent du plaidoyer, de l\u2019int\u00e9r\u00eat g\u00e9n\u00e9ral et des biens communs. Il n\u2019y a rien de r\u00e9publicain l\u00e0-dedans. C\u2019est bien une tentative de b\u00e2illonner et de discr\u00e9diter les corps interm\u00e9diaires, les associations et les contre-pouvoirs. Nous y voyons des signaux d\u2019alertes inqui\u00e9tant sur la nature m\u00eame de notre \u00ab d\u00e9mocratie \u00bb. Nos subventions ont bien un r\u00f4le d\u00e9mocratique essentiel dans le contrat social, et pas seulement \u00e9cologique.<\/p>\n\n\n\n<p>Outre le soutien \u00e0 Arthropologia pour consolider l\u2019accompagnement d\u2019un collectif de propri\u00e9taires priv\u00e9s en maisons individuelles \u00e0 s\u2019engager dans la pr\u00e9servation de la biodiversit\u00e9 sur leur parcelle, ou le Cyclub, institution d\u2019aide \u00e0 la r\u00e9paration et \u00e0 l\u2019entretien des cycles, nous soutenons un projet exp\u00e9rimental port\u00e9 conjointement entre l\u2019Odys\u00e9e de M\u00e2at et Mandala Village Urbain, autour de la redistribution digne des invendus en bon \u00e9tat sur les march\u00e9s aupr\u00e8s de publics d\u00e9favoris\u00e9s.<\/p>\n\n\n\n<p>C\u2019est l\u00e0 qu\u2019intervient le volet social de notre action, en faisant co\u00efncider une politique \u00e9cologique avec un objectif social. Nous suivrons attentivement les r\u00e9sultats de cette exp\u00e9rimentation en l\u2019inscrivant dans un regard plus \u00e9largi sur un d\u00e9bat qui traverse nos diff\u00e9rentes organisations, entre des actions compensatrices d&#8217;accompagnement des plus pauvres et des actions transformatrices de notre mod\u00e8le \u00e9conomique. Et cela est particuli\u00e8rement vrai sur le r\u00f4le de l\u2019alimentation.<\/p>\n\n\n\n<p>L\u2019aide alimentaire semble avoir atteint ses limites, m\u00eame si son action est indispensable aujourd\u2019hui pour des millions de personnes en France. L\u2019Etat laisse les acteurs rester sur le mod\u00e8le de l\u2019aide alimentaire par la fiscalit\u00e9, alors que nous avons d\u00e9sormais besoin de retrouver une souverainet\u00e9 individuelle et collective sur notre alimentation. On peut faire mieux, en efficacit\u00e9 et en dignit\u00e9, en mettant chacune et chacun, et y compris les plus pauvres d&#8217;entre nous, au centre d&#8217;une &#8220;S\u00e9curit\u00e9 sociale de l&#8217;alimentation&#8221;.<\/p>\n\n\n\n<p>En 2025, apr\u00e8s 8 ans de macronisme, dans la 7<sup>\u00e8me<\/sup> puissance mondiale, et dans la 16<sup>\u00e8me<\/sup> ville de France, face \u00e0 l\u2019extr\u00eame pauvret\u00e9 pr\u00e9sente dans notre ville, nous collectivit\u00e9, nous agissons comme bouclier en dernier recours, face \u00e0 un \u00c9tat d\u00e9serteur. Notre projet politique, bas\u00e9 sur la justice sociale et la bifurcation \u00e9cologique, d\u00e9velopp\u00e9 \u00e0 l&#8217;\u00e9chelle de la ville dans la limite de ses comp\u00e9tences, doit se d\u00e9cliner \u00e0 l&#8217;\u00e9chelle de la Nation : il est plus que temps.<\/p>\n","protected":false},"excerpt":{"rendered":"<p>Par Laurent LEGENDRE Quelques mots \u00e0 l\u2019occasion de cette d\u00e9lib\u00e9ration pour rentrer dans le d\u00e9tail et la diversit\u00e9 des organismes que nous subventionnons. Il s\u2019agit de subventions sur le volet de la transition \u00e9cologique, mais nous allons voir qu\u2019elles s\u2019inscrivent dans un enjeu d\u00e9mocratique et social, dans une coh\u00e9rence globale du projet de soci\u00e9t\u00e9 que&#8230;<\/p>\n","protected":false},"author":1,"featured_media":0,"comment_status":"open","ping_status":"open","sticky":false,"template":"","format":"standard","meta":[],"categories":[1],"tags":[82,77,180],"_links":{"self":[{"href":"https:\/\/villeurbanne-insoumise-ensemble.fr\/index.php?rest_route=\/wp\/v2\/posts\/2108"}],"collection":[{"href":"https:\/\/villeurbanne-insoumise-ensemble.fr\/index.php?rest_route=\/wp\/v2\/posts"}],"about":[{"href":"https:\/\/villeurbanne-insoumise-ensemble.fr\/index.php?rest_route=\/wp\/v2\/types\/post"}],"author":[{"embeddable":true,"href":"https:\/\/villeurbanne-insoumise-ensemble.fr\/index.php?rest_route=\/wp\/v2\/users\/1"}],"replies":[{"embeddable":true,"href":"https:\/\/villeurbanne-insoumise-ensemble.fr\/index.php?rest_route=%2Fwp%2Fv2%2Fcomments&post=2108"}],"version-history":[{"count":2,"href":"https:\/\/villeurbanne-insoumise-ensemble.fr\/index.php?rest_route=\/wp\/v2\/posts\/2108\/revisions"}],"predecessor-version":[{"id":2111,"href":"https:\/\/villeurbanne-insoumise-ensemble.fr\/index.php?rest_route=\/wp\/v2\/posts\/2108\/revisions\/2111"}],"wp:attachment":[{"href":"https:\/\/villeurbanne-insoumise-ensemble.fr\/index.php?rest_route=%2Fwp%2Fv2%2Fmedia&parent=2108"}],"wp:term":[{"taxonomy":"category","embeddable":true,"href":"https:\/\/villeurbanne-insoumise-ensemble.fr\/index.php?rest_route=%2Fwp%2Fv2%2Fcategories&post=2108"},{"taxonomy":"post_tag","embeddable":true,"href":"https:\/\/villeurbanne-insoumise-ensemble.fr\/index.php?rest_route=%2Fwp%2Fv2%2Ftags&post=2108"}],"curies":[{"name":"wp","href":"https:\/\/api.w.org\/{rel}","templated":true}]}}