{"id":2106,"date":"2025-06-02T10:43:01","date_gmt":"2025-06-02T08:43:01","guid":{"rendered":"https:\/\/villeurbanne-insoumise-ensemble.fr\/?p=2106"},"modified":"2025-06-02T10:43:02","modified_gmt":"2025-06-02T08:43:02","slug":"nous-avons-toustes-une-sante-mentale","status":"publish","type":"post","link":"https:\/\/villeurbanne-insoumise-ensemble.fr\/?p=2106","title":{"rendered":"Nous avons toustes une sant\u00e9 mentale !"},"content":{"rendered":"\n<p><em>Par Agathe FORT<\/em><\/p>\n\n\n\n<figure class=\"wp-block-embed is-type-video is-provider-youtube wp-block-embed-youtube wp-embed-aspect-16-9 wp-has-aspect-ratio\"><div class=\"wp-block-embed__wrapper\">\n<iframe loading=\"lazy\" title=\"Nous avons toustes une sant\u00e9 mentale !\" width=\"640\" height=\"360\" src=\"https:\/\/www.youtube.com\/embed\/39EIgtVQCSM?feature=oembed\" frameborder=\"0\" allow=\"accelerometer; autoplay; clipboard-write; encrypted-media; gyroscope; picture-in-picture; web-share\" referrerpolicy=\"strict-origin-when-cross-origin\" allowfullscreen><\/iframe>\n<\/div><\/figure>\n\n\n\n<p>Merci chers coll\u00e8gues de votre soutien.<\/p>\n\n\n\n<p>Je tiens \u00e0 rappeler que nous avons toutes et toutes une sant\u00e9 mentale, qu\u2019elle soit bonne ou mauvaise.<\/p>\n\n\n\n<p>Aujourd\u2019hui, le poste en coordination du Conseil local en sant\u00e9 mentale est vraiment n\u00e9cessaire dans la coordination des acteurs du territoire, avec l\u2019\u00e9norme p\u00e9nurie de personnels qui travaillent sur les questions de sant\u00e9 mentale.<\/p>\n\n\n\n<p>Notre jeunesse ne va pas bien. Tous les chiffres sur la sant\u00e9 mentale des jeunes sont vraiment tr\u00e8s inqui\u00e9tants, et aujourd\u2019hui c\u2019est un milieu qui est d\u00e9vast\u00e9. Ce poste de coordination est vraiment primordial.<\/p>\n\n\n\n<p>\u00c9videmment, on ne parle encore pas de pr\u00e9vention. Malheureusement, nous sommes en train d\u2019\u00e9teindre partout les feux pour les gens qui ne vont vraiment pas bien. Je regrette le fait que la pr\u00e9vention sur la sant\u00e9 mentale soit si faible en France et j\u2019appelle tout le monde \u00e0 militer pour que la prise en charge de la pr\u00e9vention et des soins en sant\u00e9 mentale soit meilleure dans les ann\u00e9es \u00e0 venir.<\/p>\n","protected":false},"excerpt":{"rendered":"<p>Par Agathe FORT Merci chers coll\u00e8gues de votre soutien. Je tiens \u00e0 rappeler que nous avons toutes et toutes une sant\u00e9 mentale, qu\u2019elle soit bonne ou mauvaise. Aujourd\u2019hui, le poste en coordination du Conseil local en sant\u00e9 mentale est vraiment n\u00e9cessaire dans la coordination des acteurs du territoire, avec l\u2019\u00e9norme p\u00e9nurie de personnels qui travaillent&#8230;<\/p>\n","protected":false},"author":1,"featured_media":0,"comment_status":"open","ping_status":"open","sticky":false,"template":"","format":"standard","meta":[],"categories":[1],"tags":[140],"_links":{"self":[{"href":"https:\/\/villeurbanne-insoumise-ensemble.fr\/index.php?rest_route=\/wp\/v2\/posts\/2106"}],"collection":[{"href":"https:\/\/villeurbanne-insoumise-ensemble.fr\/index.php?rest_route=\/wp\/v2\/posts"}],"about":[{"href":"https:\/\/villeurbanne-insoumise-ensemble.fr\/index.php?rest_route=\/wp\/v2\/types\/post"}],"author":[{"embeddable":true,"href":"https:\/\/villeurbanne-insoumise-ensemble.fr\/index.php?rest_route=\/wp\/v2\/users\/1"}],"replies":[{"embeddable":true,"href":"https:\/\/villeurbanne-insoumise-ensemble.fr\/index.php?rest_route=%2Fwp%2Fv2%2Fcomments&post=2106"}],"version-history":[{"count":2,"href":"https:\/\/villeurbanne-insoumise-ensemble.fr\/index.php?rest_route=\/wp\/v2\/posts\/2106\/revisions"}],"predecessor-version":[{"id":2112,"href":"https:\/\/villeurbanne-insoumise-ensemble.fr\/index.php?rest_route=\/wp\/v2\/posts\/2106\/revisions\/2112"}],"wp:attachment":[{"href":"https:\/\/villeurbanne-insoumise-ensemble.fr\/index.php?rest_route=%2Fwp%2Fv2%2Fmedia&parent=2106"}],"wp:term":[{"taxonomy":"category","embeddable":true,"href":"https:\/\/villeurbanne-insoumise-ensemble.fr\/index.php?rest_route=%2Fwp%2Fv2%2Fcategories&post=2106"},{"taxonomy":"post_tag","embeddable":true,"href":"https:\/\/villeurbanne-insoumise-ensemble.fr\/index.php?rest_route=%2Fwp%2Fv2%2Ftags&post=2106"}],"curies":[{"name":"wp","href":"https:\/\/api.w.org\/{rel}","templated":true}]}}