{"id":2104,"date":"2025-06-02T10:42:35","date_gmt":"2025-06-02T08:42:35","guid":{"rendered":"https:\/\/villeurbanne-insoumise-ensemble.fr\/?p=2104"},"modified":"2025-06-02T10:42:36","modified_gmt":"2025-06-02T08:42:36","slug":"vous-instrumentalisez-lantisemitisme","status":"publish","type":"post","link":"https:\/\/villeurbanne-insoumise-ensemble.fr\/?p=2104","title":{"rendered":"Vous instrumentalisez l&#8217;antis\u00e9mitisme !"},"content":{"rendered":"\n<p><em>Par Julien RAVELLO<\/em><\/p>\n\n\n\n<figure class=\"wp-block-embed is-type-video is-provider-youtube wp-block-embed-youtube wp-embed-aspect-16-9 wp-has-aspect-ratio\"><div class=\"wp-block-embed__wrapper\">\n<iframe loading=\"lazy\" title=\"Vous instrumentalisez l&#039;antis\u00e9mitisme !\" width=\"640\" height=\"360\" src=\"https:\/\/www.youtube.com\/embed\/nsX7lKwVXYg?feature=oembed\" frameborder=\"0\" allow=\"accelerometer; autoplay; clipboard-write; encrypted-media; gyroscope; picture-in-picture; web-share\" referrerpolicy=\"strict-origin-when-cross-origin\" allowfullscreen><\/iframe>\n<\/div><\/figure>\n\n\n\n<p>Lors du dernier conseil municipal, en utilisant une d\u00e9lib\u00e9ration qui n&#8217;avait rien \u00e0 voir, l&#8217;opposition, avec une calme violence, a scandaleusement et pendant pr\u00e8s de 4 minutes fait le lien entre notre mouvement, notre groupe, et les attaques antis\u00e9mites qui ont eu lieu ces derniers mois \u00e0 Villeurbanne.&nbsp;&nbsp;<\/p>\n\n\n\n<p>Cette incrimination est si grossi\u00e8re, si ouvertement port\u00e9e pour diviser les groupes de la majorit\u00e9 que si elle ne nous salissait pas gratuitement, nous aurions presque envie de passer outre.<\/p>\n\n\n\n<p>C\u2019est ce que nous avons fait jusqu\u2019\u00e0 pr\u00e9sent puisque par trois fois d\u00e9j\u00e0, le groupe Villeurbanne Progressiste a utilis\u00e9 sa tribune pour nous calomnier. Votre infecte intervention en dernier conseil \u00e9tait celle de trop.<\/p>\n\n\n\n<p>Vous dites d&#8217;ailleurs que vous n&#8217;avez pas entendu de propos scandaleux ou provocateurs localement. Tant mieux, mais nous si, de votre part et plusieurs fois.<\/p>\n\n\n\n<p>Si vos mots sont durs, vos accusations, elles, sont n\u00e9buleuses.<\/p>\n\n\n\n<p>Vous parlez d\u2019une \u00ab <em>rh\u00e9torique ignoble<\/em> \u00bb, de \u00ab <em>ce qu\u2019il se passe au Parlement <\/em>\u00bb, de \u00ab <em>discours <\/em>\u00bb mais rarement vous explicitez clairement ce qui vous pose probl\u00e8me.&nbsp;<\/p>\n\n\n\n<p>Et quand vous le faites, vos arguments ne tiennent pas la route. Les deux seuls exemples que vous trouvez pour vous justifier sont d\u2019une part, la d\u00e9claration du d\u00e9put\u00e9 Thomas Portes selon laquelle la d\u00e9l\u00e9gation isra\u00e9lienne ne devait pas \u00eatre bienvenue aux JO de Paris. Si vous avez le droit de la contester, il est inadmissible de sous-entendre qu\u2019elle serait antis\u00e9mite. En disant cela, vous faites volontairement la confusion entre antis\u00e9mitisme, antisionisme, et critique du gouvernement d\u2019Isra\u00ebl. N&#8217;aurait-on pas le droit de critiquer un gouvernement d&#8217;extr\u00eame-droite, dont le Premier ministre N\u00e9tanyahou est sous mandat d&#8217;arr\u00eat international pour crimes de guerres et crimes contre l&#8217;humanit\u00e9 ? De notre c\u00f4t\u00e9, aucun soutien inconditionnel ou infaillible pour des actes g\u00e9nocidaires.&nbsp;<\/p>\n\n\n\n<p>Vous critiquez aussi, sans jamais la nommer, la juriste et d\u00e9put\u00e9e Rima Hassan et son combat pour la d\u00e9fense du peuple palestinien. Vous caricaturez sa position pour servir votre argumentation. Lors du dernier conseil, vous avez m\u00eame dout\u00e9 de savoir qui repr\u00e9sente Rima Hassan, de la France ou de l\u2019Europe. C&#8217;est tout simplement scandaleux ! Est-ce \u00e0 dire que vous contestez la l\u00e9gitimit\u00e9 des urnes, voire m\u00eame la citoyennet\u00e9 d&#8217;une d\u00e9put\u00e9e europ\u00e9enne ?<\/p>\n\n\n\n<p>Votre chasse aux sorci\u00e8res repose sur du vide. Vos accusations ne peuvent pas \u00eatre plus pr\u00e9cises, puisqu&#8217;alors vous vous confronteriez au r\u00e9el discours que nous tenons depuis des mois. Sans \u00e9quivoque, nous disons que les actes de rapt et de tuerie du Hamas sont une infamie destin\u00e9e \u00e0 semer la terreur dans la population isra\u00e9lienne. Sans \u00e9quivoque, nous affirmons que l\u2019antis\u00e9mitisme est un fl\u00e9au, un poison, une ignominie qui doit \u00eatre combattue avec la plus grande force et une d\u00e9termination implacable. Comme doit l\u2019\u00eatre toute forme de racisme et de discrimination.<\/p>\n\n\n\n<p>Non seulement vous vous trompez sur notre compte et celui de la France Insoumise, mais votre analyse politicienne de la situation est dangereuse. Pendant que vous portez injustement le bl\u00e2me sur nous, vous gardez un silence assourdissant sur les r\u00e9els actes antis\u00e9mites de l&#8217;extr\u00eame-droite.<\/p>\n\n\n\n<p>Qui, historiquement, a organis\u00e9 les d\u00e9portations de juifs, d&#8217;homosexuels, de militants communistes et socialistes ? Qui tenait avant son \u00e9lection de d\u00e9put\u00e9 une librairie n\u00e9gationniste ? Un d\u00e9put\u00e9 du Rassemblement National. Qui avait un groupe Facebook o\u00f9 \u00e9taient tenus des propos racistes et antis\u00e9mites ? Des d\u00e9put\u00e9s du RN.&nbsp;<\/p>\n\n\n\n<p>Il suffit de lire le dernier rapport de la Commission Nationale Consultative des Droits de l&#8217;Homme : comme dans toute la population, et on peut le d\u00e9plorer, il existe de l&#8217;antis\u00e9mitisme \u00e0 gauche, mais il est \u00ab <em>sans comparaison avec celui observ\u00e9 \u00e0 l\u2019extr\u00eame droite et chez les proches du Rassemblement national<\/em> \u00bb.<\/p>\n\n\n\n<p>En embo\u00eetant le pas \u00e0 vos homologues nationaux, vous instrumentalisez l&#8217;antis\u00e9mitisme pour salir un opposant politique. Cette d\u00e9rive de la droite et du centre devrait vous inqui\u00e9ter, comme devrait vous inqui\u00e9ter les prises de position plus que douteuses dans votre propre gouvernement.&nbsp;&nbsp;&nbsp;<\/p>\n\n\n\n<p>Je ne peux pas terminer sans \u00e9voquer le lien avec l&#8217;actualit\u00e9, comme vous l\u2019avez fait tout \u00e0 l\u2019heure monsieur le Maire. Il aura fallu attendre les dizaines de milliers de morts et la famine qui menace d&#8217;emporter le reste de la population \u00e0 Gaza pour qu&#8217;on puisse critiquer le gouvernement isra\u00e9lien sans se faire traiter d&#8217;antis\u00e9mite.&nbsp;<\/p>\n\n\n\n<p>Alors qu&#8217;enfin les voix s&#8217;\u00e9l\u00e8vent de toute part, nous nous adressons aux membres du groupe Villeurbanne Progressiste. Avez-vous ne serait-ce qu&#8217;une seule fois d\u00e9nonc\u00e9 les crimes de guerre \u00e0 Gaza ? Avez-vous ne serait-ce qu&#8217;une seule fois exprim\u00e9 votre solidarit\u00e9 envers le peuple palestinien ? Avez-vous ne serait-ce qu&#8217;une seule fois demand\u00e9 \u00e0 ce que des sanctions soient prises contre le gouvernement de Monsieur Netanyahou ? Avez-vous pris position pour la fin des livraisons d&#8217;armes \u00e0 Isra\u00ebl, pour la reconnaissance de l&#8217;\u00e9tat palestinien et le respect du droit international ? De notre c\u00f4t\u00e9, nous l&#8217;avons fait \u00e0 plusieurs reprises et depuis des mois. Le silence est complice du nettoyage ethnique en cours \u00e0 Gaza. Il est plus que temps que vous rompiez le silence et que vous cessiez d&#8217;attiser le feu.<\/p>\n","protected":false},"excerpt":{"rendered":"<p>Par Julien RAVELLO Lors du dernier conseil municipal, en utilisant une d\u00e9lib\u00e9ration qui n&#8217;avait rien \u00e0 voir, l&#8217;opposition, avec une calme violence, a scandaleusement et pendant pr\u00e8s de 4 minutes fait le lien entre notre mouvement, notre groupe, et les attaques antis\u00e9mites qui ont eu lieu ces derniers mois \u00e0 Villeurbanne.&nbsp;&nbsp; Cette incrimination est si&#8230;<\/p>\n","protected":false},"author":1,"featured_media":0,"comment_status":"open","ping_status":"open","sticky":false,"template":"","format":"standard","meta":[],"categories":[1],"tags":[193,57],"_links":{"self":[{"href":"https:\/\/villeurbanne-insoumise-ensemble.fr\/index.php?rest_route=\/wp\/v2\/posts\/2104"}],"collection":[{"href":"https:\/\/villeurbanne-insoumise-ensemble.fr\/index.php?rest_route=\/wp\/v2\/posts"}],"about":[{"href":"https:\/\/villeurbanne-insoumise-ensemble.fr\/index.php?rest_route=\/wp\/v2\/types\/post"}],"author":[{"embeddable":true,"href":"https:\/\/villeurbanne-insoumise-ensemble.fr\/index.php?rest_route=\/wp\/v2\/users\/1"}],"replies":[{"embeddable":true,"href":"https:\/\/villeurbanne-insoumise-ensemble.fr\/index.php?rest_route=%2Fwp%2Fv2%2Fcomments&post=2104"}],"version-history":[{"count":2,"href":"https:\/\/villeurbanne-insoumise-ensemble.fr\/index.php?rest_route=\/wp\/v2\/posts\/2104\/revisions"}],"predecessor-version":[{"id":2110,"href":"https:\/\/villeurbanne-insoumise-ensemble.fr\/index.php?rest_route=\/wp\/v2\/posts\/2104\/revisions\/2110"}],"wp:attachment":[{"href":"https:\/\/villeurbanne-insoumise-ensemble.fr\/index.php?rest_route=%2Fwp%2Fv2%2Fmedia&parent=2104"}],"wp:term":[{"taxonomy":"category","embeddable":true,"href":"https:\/\/villeurbanne-insoumise-ensemble.fr\/index.php?rest_route=%2Fwp%2Fv2%2Fcategories&post=2104"},{"taxonomy":"post_tag","embeddable":true,"href":"https:\/\/villeurbanne-insoumise-ensemble.fr\/index.php?rest_route=%2Fwp%2Fv2%2Ftags&post=2104"}],"curies":[{"name":"wp","href":"https:\/\/api.w.org\/{rel}","templated":true}]}}