{"id":210,"date":"2021-06-01T10:37:00","date_gmt":"2021-06-01T08:37:00","guid":{"rendered":"http:\/\/villeurbanne-insoumise-ensemble.fr\/?p=210"},"modified":"2023-11-22T15:52:44","modified_gmt":"2023-11-22T14:52:44","slug":"des-vacances-pour-tout-le-monde","status":"publish","type":"post","link":"https:\/\/villeurbanne-insoumise-ensemble.fr\/?p=210","title":{"rendered":"Des vacances pour tout le monde !"},"content":{"rendered":"\n<p>La fin de l\u2019ann\u00e9e scolaire approche et, avec elle, l\u2019arriv\u00e9e des jours ensoleill\u00e9s des vacances d\u2019\u00e9t\u00e9. Malheureusement, elle n\u2019est pas v\u00e9cue par tous les enfants de la m\u00eame fa\u00e7on. Ces derni\u00e8res ann\u00e9es, deux tiers des fran\u00e7ais ont d\u00fb renoncer \u00e0 partir en vacances pour des raisons financi\u00e8res. La crise \u00e9conomique r\u00e9v\u00e8le encore plus ces in\u00e9galit\u00e9s : 70% du surplus d\u2019\u00e9pargne r\u00e9alis\u00e9 pendant les confinements a \u00e9t\u00e9 fait par les 20% des m\u00e9nages les plus riches, tandis que les plus pauvres ont vu la leur amput\u00e9e de pr\u00e8s de 2 milliards d\u2019euros ! <\/p>\n\n\n\n<p>Face \u00e0 cette injustice, nous pensons que c\u2019est aux pouvoirs publics d\u2019agir. Pour garantir \u00e0 tous et toutes des loisirs et du d\u00e9paysement pendant les vacances, pour faire en sorte que l\u2019\u00e9t\u00e9 soit agr\u00e9able qu\u2019on ait 3 ou 93 ans, nous mettons en place de nombreuses activit\u00e9s tout au long de l\u2019\u00e9t\u00e9. Toutes les familles pourront acc\u00e9der aux sortes propos\u00e9es par la ville puisque les tarifs sont adapt\u00e9s aux revenus de chacun\u00b7e, et beaucoup d\u2019activit\u00e9s seront gratuites ! <\/p>\n\n\n\n<p>Le centre de loisirs et de vacances de Chamagnieu accueille les enfants pour des s\u00e9jours d\u2019une semaine au vert et en plein air : promenades en v\u00e9lo, jeux, ateliers manuels, animaux de la ferme&#8230; sont au programme. En juillet, les enfants pourront aussi participer aux \u00ab Vacances sport \u00bb qui proposent de multiples activit\u00e9s, ou encore aux \u00ab Animations jeunes \u00bb du centre de vacances St-Priest-la-Roche. <\/p>\n\n\n\n<p>\u00c0 Villeurbanne, l\u2019\u00e9t\u00e9 sera aussi vivant, avec toutes les animations au programme de \u00ab Vivez l\u2019\u00e9t\u00e9 ! \u00bb. En centre-ville, dans les parcs ou votre quartier, vous retrouverez des activit\u00e9s organis\u00e9es par les maisons de quarter, la ville ou des associations. De la caravane des sports, aux animations pour les familles de jeunes en situation de handicap et leur accompagnement par les centres sociaux, en passant par les rendez-vous culturels, le programme est charg\u00e9. Vous pouvez d\u2019ailleurs le retrouver sur ete.villeurbanne.fr.<\/p>\n\n\n\n<p>Vous avez d\u2019autres id\u00e9es pour l\u2019\u00e9t\u00e9 2022 ? Contactez-nous !<\/p>\n","protected":false},"excerpt":{"rendered":"<p>La fin de l\u2019ann\u00e9e scolaire approche et, avec elle, l\u2019arriv\u00e9e des jours ensoleill\u00e9s des vacances d\u2019\u00e9t\u00e9. Malheureusement, elle n\u2019est pas v\u00e9cue par tous les enfants de la m\u00eame fa\u00e7on. Ces derni\u00e8res ann\u00e9es, deux tiers des fran\u00e7ais ont d\u00fb renoncer \u00e0 partir en vacances pour des raisons financi\u00e8res. La crise \u00e9conomique r\u00e9v\u00e8le encore plus ces in\u00e9galit\u00e9s&#8230;<\/p>\n","protected":false},"author":1,"featured_media":0,"comment_status":"open","ping_status":"open","sticky":false,"template":"","format":"standard","meta":[],"categories":[19,17],"tags":[77],"_links":{"self":[{"href":"https:\/\/villeurbanne-insoumise-ensemble.fr\/index.php?rest_route=\/wp\/v2\/posts\/210"}],"collection":[{"href":"https:\/\/villeurbanne-insoumise-ensemble.fr\/index.php?rest_route=\/wp\/v2\/posts"}],"about":[{"href":"https:\/\/villeurbanne-insoumise-ensemble.fr\/index.php?rest_route=\/wp\/v2\/types\/post"}],"author":[{"embeddable":true,"href":"https:\/\/villeurbanne-insoumise-ensemble.fr\/index.php?rest_route=\/wp\/v2\/users\/1"}],"replies":[{"embeddable":true,"href":"https:\/\/villeurbanne-insoumise-ensemble.fr\/index.php?rest_route=%2Fwp%2Fv2%2Fcomments&post=210"}],"version-history":[{"count":2,"href":"https:\/\/villeurbanne-insoumise-ensemble.fr\/index.php?rest_route=\/wp\/v2\/posts\/210\/revisions"}],"predecessor-version":[{"id":212,"href":"https:\/\/villeurbanne-insoumise-ensemble.fr\/index.php?rest_route=\/wp\/v2\/posts\/210\/revisions\/212"}],"wp:attachment":[{"href":"https:\/\/villeurbanne-insoumise-ensemble.fr\/index.php?rest_route=%2Fwp%2Fv2%2Fmedia&parent=210"}],"wp:term":[{"taxonomy":"category","embeddable":true,"href":"https:\/\/villeurbanne-insoumise-ensemble.fr\/index.php?rest_route=%2Fwp%2Fv2%2Fcategories&post=210"},{"taxonomy":"post_tag","embeddable":true,"href":"https:\/\/villeurbanne-insoumise-ensemble.fr\/index.php?rest_route=%2Fwp%2Fv2%2Ftags&post=210"}],"curies":[{"name":"wp","href":"https:\/\/api.w.org\/{rel}","templated":true}]}}