{"id":2087,"date":"2025-04-15T10:54:16","date_gmt":"2025-04-15T08:54:16","guid":{"rendered":"https:\/\/villeurbanne-insoumise-ensemble.fr\/?p=2087"},"modified":"2025-04-15T10:54:16","modified_gmt":"2025-04-15T08:54:16","slug":"nous-faisons-du-droit-aux-loisirs-pour-toustes-une-realite","status":"publish","type":"post","link":"https:\/\/villeurbanne-insoumise-ensemble.fr\/?p=2087","title":{"rendered":"Nous faisons du droit aux loisirs pour toustes une r\u00e9alit\u00e9 !"},"content":{"rendered":"\n<p><em>Par Mathieu GARABEDIAN<\/em><\/p>\n\n\n\n<figure class=\"wp-block-embed is-type-video is-provider-youtube wp-block-embed-youtube wp-embed-aspect-16-9 wp-has-aspect-ratio\"><div class=\"wp-block-embed__wrapper\">\n<iframe loading=\"lazy\" title=\"Mathieu GARABEDIAN - Nous faisons du droit aux loisirs pour toustes une r\u00e9alit\u00e9 !\" width=\"640\" height=\"360\" src=\"https:\/\/www.youtube.com\/embed\/Ks0hIMEbC6o?feature=oembed\" frameborder=\"0\" allow=\"accelerometer; autoplay; clipboard-write; encrypted-media; gyroscope; picture-in-picture; web-share\" referrerpolicy=\"strict-origin-when-cross-origin\" allowfullscreen><\/iframe>\n<\/div><\/figure>\n\n\n\n<p>Je suis tr\u00e8s fier de vous pr\u00e9senter ce rapport sur notre dispositif d\u2019\u00e9galit\u00e9 d\u2019acc\u00e8s aux loisirs. Depuis plus d\u2019un si\u00e8cle, la gauche porte l\u2019id\u00e9e que le temps libre tout comme le travail sont des droits humains fondamentaux. Mais aujourd\u2019hui malheureusement, trop de nos concitoyens et de nos concitoyennes, notamment les plus jeunes, les familles les plus pauvres ou les personnes isol\u00e9es n\u2019ont pas acc\u00e8s \u00e0 ces espaces d\u2019\u00e9panouissement, faute de moyens, d\u2019informations ou d\u2019infrastructures adapt\u00e9es.<\/p>\n\n\n\n<p>A Villeurbanne, 30% des enfants mineurs sont en situation de pauvret\u00e9 (ce qui repr\u00e9sente 9 300 enfants) et un tiers des personnes pauvres ont moins de 18 ans. Un rapport de la D\u00e9fenseure des droits de 2023 sur \u00ab Le droit des enfants aux loisirs, au sport et \u00e0 la culture \u00bb pointe que le premier frein pour l\u2019acc\u00e8s aux loisirs et aux vacances est son co\u00fbt.<\/p>\n\n\n\n<p>C\u2019est pourquoi dans le cadre du contrat de ville 2024-2030, que nous avons vot\u00e9 lors d&#8217;un pr\u00e9c\u00e9dent conseil municipal, la ville s\u2019est engag\u00e9e \u00e0 accueillir au moins 20% d\u2019enfants en situation de grande pauvret\u00e9, c&#8217;est-\u00e0-dire notamment avec un quotient familial inf\u00e9rieur ou \u00e9gal \u00e0 200, parmi les usagers et usag\u00e8res des activit\u00e9s de loisirs propos\u00e9es sur le territoire.<\/p>\n\n\n\n<p>Pour cela, quatre leviers sont travaill\u00e9s depuis 2020 dans le cadre de ce dispositif entre les diff\u00e9rentes directions de la ville (que je remercie \u00e0 cette occasion de leur investissement et de la qualit\u00e9 de leur travail).<\/p>\n\n\n\n<p>Premi\u00e8rement, la r\u00e9servation de places dans les offres de loisirs ordinaires dans le contexte d\u2019une offre finie. Deuxi\u00e8mement, l\u2019appel par la ville des familles recens\u00e9es pour leur proposer l\u2019offre r\u00e9serv\u00e9e et les accompagner jusqu\u2019\u00e0 la confirmation de l\u2019inscription. Troisi\u00e8mement, l\u2019\u00e9volution des pratiques et des modalit\u00e9s d&#8217;inscriptions des structures accueillantes.<\/p>\n\n\n\n<p>Et enfin, la lev\u00e9e des freins administratifs et financier dont notamment deux : la fourniture de l\u2019assurance responsabilit\u00e9 civile, qui est une pi\u00e8ce rendue obligatoire pour l\u2019inscription des enfants \u00e0 \u00e9norm\u00e9ment d\u2019activit\u00e9s de loisirs et dont ne disposent pas toujours les personnes en situation de mal logement n\u2019ayant pas d\u2019assurance habitation. Et deuxi\u00e8mement, le co\u00fbt des offres (m\u00eame minime) qui reste trop \u00e9lev\u00e9 pour des familles avec peu ou pas de revenus.<\/p>\n\n\n\n<p>Notre objectif \u00e9tait donc double avec l\u2019exp\u00e9rimentation de ce dispositif : travailler avec une vis\u00e9e \u00e0 la fois compensatrice, <em>via<\/em> la r\u00e9servation de places et l\u2019accompagnement des familles, mais aussi et surtout une vis\u00e9e transformatrice, <em>via<\/em> le travail men\u00e9 pour l\u2019\u00e9volution des pratiques institutionnelles et des modalit\u00e9s d\u2019acc\u00e8s aux offres.<\/p>\n\n\n\n<p>Laissez-moi juste vous donner quelques chiffres sur ces 4 derni\u00e8res ann\u00e9es. 200 familles chaque \u00e9t\u00e9 ont \u00e9t\u00e9 inform\u00e9es de l\u2019offre scolaire et p\u00e9riscolaire de loisirs. 45 familles chaque ann\u00e9e ont re\u00e7u et ont \u00e9t\u00e9 accompagn\u00e9es dans les maisons de services publics et \u00e0 la mairie. 60 familles par an ont acc\u00e9d\u00e9 \u00e0 une ou plusieurs places r\u00e9serv\u00e9es pour un ou plusieurs de leurs enfants. Cela repr\u00e9sente environ une centaine d\u2019enfants diff\u00e9rents inscrits chaque ann\u00e9e. Et parmi ces familles, plus d\u2019un tiers sont des familles domicili\u00e9es au CCAS ou h\u00e9berg\u00e9es en structure ou chez un tiers.<\/p>\n\n\n\n<p>Lors de l\u2019exp\u00e9rimentation du z\u00e9ro reste \u00e0 charge, que nous avons vot\u00e9e l&#8217;an dernier pour l\u2019\u00e9t\u00e9 2024, 220 places ont \u00e9t\u00e9 pourvues directement en guichet et 170 places <em>via<\/em> ce dispositif. Et la prise en charge de l\u2019assurance responsabilit\u00e9 civile depuis 2023 a permis chaque ann\u00e9e \u00e0 30% des familles en situation de mal-logement inscrites dans le cadre du dispositif d\u2019avoir une prise en charge du co\u00fbt de l\u2019assurance extra-scolaire.<\/p>\n\n\n\n<p>Au regard du bilan de ces exp\u00e9rimentations, nous vous proposons cette ann\u00e9e de p\u00e9renniser les modalit\u00e9s de prise en charge financi\u00e8res et administratives, et d\u2019en \u00e9tendre l\u2019application \u00e0 toutes les offres de loisirs municipales sur toutes les p\u00e9riodes de vacances scolaires.<\/p>\n\n\n\n<p>C\u2019est comme \u00e7a que nous pourrons garantir les conditions d\u2019un \u00e9gal acc\u00e8s aux offres municipales et faire du droit aux loisirs pour toutes et tous une r\u00e9alit\u00e9.<\/p>\n","protected":false},"excerpt":{"rendered":"<p>Par Mathieu GARABEDIAN Je suis tr\u00e8s fier de vous pr\u00e9senter ce rapport sur notre dispositif d\u2019\u00e9galit\u00e9 d\u2019acc\u00e8s aux loisirs. Depuis plus d\u2019un si\u00e8cle, la gauche porte l\u2019id\u00e9e que le temps libre tout comme le travail sont des droits humains fondamentaux. Mais aujourd\u2019hui malheureusement, trop de nos concitoyens et de nos concitoyennes, notamment les plus jeunes,&#8230;<\/p>\n","protected":false},"author":1,"featured_media":0,"comment_status":"open","ping_status":"open","sticky":false,"template":"","format":"standard","meta":[],"categories":[1],"tags":[77,43,180],"_links":{"self":[{"href":"https:\/\/villeurbanne-insoumise-ensemble.fr\/index.php?rest_route=\/wp\/v2\/posts\/2087"}],"collection":[{"href":"https:\/\/villeurbanne-insoumise-ensemble.fr\/index.php?rest_route=\/wp\/v2\/posts"}],"about":[{"href":"https:\/\/villeurbanne-insoumise-ensemble.fr\/index.php?rest_route=\/wp\/v2\/types\/post"}],"author":[{"embeddable":true,"href":"https:\/\/villeurbanne-insoumise-ensemble.fr\/index.php?rest_route=\/wp\/v2\/users\/1"}],"replies":[{"embeddable":true,"href":"https:\/\/villeurbanne-insoumise-ensemble.fr\/index.php?rest_route=%2Fwp%2Fv2%2Fcomments&post=2087"}],"version-history":[{"count":2,"href":"https:\/\/villeurbanne-insoumise-ensemble.fr\/index.php?rest_route=\/wp\/v2\/posts\/2087\/revisions"}],"predecessor-version":[{"id":2092,"href":"https:\/\/villeurbanne-insoumise-ensemble.fr\/index.php?rest_route=\/wp\/v2\/posts\/2087\/revisions\/2092"}],"wp:attachment":[{"href":"https:\/\/villeurbanne-insoumise-ensemble.fr\/index.php?rest_route=%2Fwp%2Fv2%2Fmedia&parent=2087"}],"wp:term":[{"taxonomy":"category","embeddable":true,"href":"https:\/\/villeurbanne-insoumise-ensemble.fr\/index.php?rest_route=%2Fwp%2Fv2%2Fcategories&post=2087"},{"taxonomy":"post_tag","embeddable":true,"href":"https:\/\/villeurbanne-insoumise-ensemble.fr\/index.php?rest_route=%2Fwp%2Fv2%2Ftags&post=2087"}],"curies":[{"name":"wp","href":"https:\/\/api.w.org\/{rel}","templated":true}]}}