{"id":2085,"date":"2025-04-15T10:53:30","date_gmt":"2025-04-15T08:53:30","guid":{"rendered":"https:\/\/villeurbanne-insoumise-ensemble.fr\/?p=2085"},"modified":"2025-04-15T10:53:31","modified_gmt":"2025-04-15T08:53:31","slug":"renover-lastroballe-pour-quoi-faire-et-pour-qui","status":"publish","type":"post","link":"https:\/\/villeurbanne-insoumise-ensemble.fr\/?p=2085","title":{"rendered":"R\u00e9nover l&#8217;Astroballe, pour quoi faire et pour qui ?"},"content":{"rendered":"\n<p><em>Par Julien RAVELLO<\/em><\/p>\n\n\n\n<figure class=\"wp-block-embed is-type-video is-provider-youtube wp-block-embed-youtube wp-embed-aspect-16-9 wp-has-aspect-ratio\"><div class=\"wp-block-embed__wrapper\">\n<iframe loading=\"lazy\" title=\"Julien RAVELLO - R\u00e9nover l\u2019Astroballe, pour quoi faire et pour qui ?\" width=\"640\" height=\"360\" src=\"https:\/\/www.youtube.com\/embed\/XrY9VtZm3Sw?feature=oembed\" frameborder=\"0\" allow=\"accelerometer; autoplay; clipboard-write; encrypted-media; gyroscope; picture-in-picture; web-share\" referrerpolicy=\"strict-origin-when-cross-origin\" allowfullscreen><\/iframe>\n<\/div><\/figure>\n\n\n\n<p>1945 et 2025, deux dates pour deux \u00e9poques. 1945 d&#8217;abord, avec la naissance d&#8217;Alain Gilles, qui fait rayonner le basket villeurbannais en offrant ses titres de champions de France \u00e0 l&#8217;ASVEL. Il incarne comme d&#8217;autres avant lui une \u00e9poque o\u00f9 les joueurs \u00e9taient issus de la r\u00e9gion et o\u00f9 leur performance \u00e9tait guid\u00e9e par le plaisir de jouer.&nbsp;<\/p>\n\n\n\n<p>2025, aujourd&#8217;hui. Le march\u00e9 s&#8217;est enracin\u00e9 jusque dans le sport ; les joueurs et clubs se vendent et s&#8217;ach\u00e8tent comme des petits pains. L&#8217;ASVEL n&#8217;y a bien s\u00fbr pas \u00e9chapp\u00e9. Avec ses millions en poche, l&#8217;investisseur Tony Parker compte bien en faire un produit qui rapporte beaucoup.&nbsp;<\/p>\n\n\n\n<p>Voil\u00e0 o\u00f9 nous en sommes. Et maintenant, nous devrions encourager la marchandisation de l\u2019ASVEL en organisant celle de sa salle, notre bien public qu\u2019est l\u2019Astroballe ?<\/p>\n\n\n\n<p>C&#8217;est ce que vous nous demandez avec la constitution d&#8217;une SEMOP, dans laquelle la ville sera minoritaire, vous l&#8217;avez rappel\u00e9. Premier inconv\u00e9nient : 150 000 euros seront vers\u00e9s aux entreprises non retenues dans le processus de d\u00e9signation, m\u00eame si la SEMOP ne va pas \u00e0 son terme. Deuxi\u00e8me inconv\u00e9nient : pas de march\u00e9s publics une fois la SEMOP cr\u00e9\u00e9e, donc moins de transparence. Troisi\u00e8me et \u00e9ni\u00e8mes inconv\u00e9nients : la suite de l&#8217;intervention.<\/p>\n\n\n\n<p>Aucun investisseur de l&#8217;\u00e9v\u00e9nementiel ne voudra rejoindre la SEMOP sans rentabilit\u00e9. Leur int\u00e9r\u00eat n&#8217;est pas l&#8217;int\u00e9r\u00eat g\u00e9n\u00e9ral ; leur int\u00e9r\u00eat, c&#8217;est de faire de l&#8217;argent. Sera-t-il encore possible de proposer des tarifs sociaux ? Avec quel type de programmation l&#8217;actionnaire voudra-t-il garantir sa rentabilit\u00e9 ? R\u00e9ussirons-nous, par exemple, \u00e0 imposer des comp\u00e9titions sportives f\u00e9minines, moins rentables que celles des hommes ? Pourrons-nous encore changer de politique culturelle et sportive dans 10 ans, une fois le pacte d&#8217;actionnaire sign\u00e9 face \u00e0 un g\u00e9ant de l&#8217;\u00e9v\u00e9nementiel ? Leur permettre d&#8217;investir dans l&#8217;Astroballe, c&#8217;est nous mettre \u00e0 nous-m\u00eame une laisse.<\/p>\n\n\n\n<p>Nous voulons que l&#8217;ASVEL reste \u00e0 Villeurbanne. Mais n&#8217;est-ce pas un v\u0153u pieu ? La r\u00e9novation de l&#8217;Astroballe va-t-elle convaincre Tony Parker de relocaliser ses matchs \u00e0 Villeurbanne ? Aujourd&#8217;hui, les stades prennent le nom de marques \u2013 pensez au <em>Groupama Stadium<\/em> de D\u00e9cines \u2013&nbsp;comme les championnats (voyez le championnat de basket fran\u00e7ais, que nous devons d\u00e9sormais appeler \u00ab Betclic Elite \u00bb, une entreprise de paris en ligne&#8230;). Ce qui compte, c&#8217;est de vendre \u00e0 l\u2019international des droits de t\u00e9l\u00e9vision et de faire de la publicit\u00e9 pour des marques partenaires. Notre poids en tant que municipalit\u00e9, c&#8217;est <em>peanuts<\/em>. L&#8217;ancrage local de l&#8217;ASVEL s&#8217;\u00e9tiole comme une peau de chagrin, et l&#8217;arriv\u00e9e d&#8217;un g\u00e9ant de l&#8217;\u00e9v\u00e9nementiel \u00e0 l&#8217;Astroballe ne fera que renforcer cela.<\/p>\n\n\n\n<p>Tant que c&#8217;est encore possible, nous devrions toutes et tous nous opposer au sport et \u00e0 la culture <em>business <\/em>promues par ce type d&#8217;industrie. Alors qu&#8217;elles veulent marchandiser chaque sph\u00e8re de nos vies (culture, sport, loisirs, et m\u00eame amour !), nous devrions au contraire promouvoir le sport et la culture non-marchands et pour toutes et tous.&nbsp;<\/p>\n\n\n\n<p>En parlant d&#8217;amour, un an de r\u00e9flexion pour 30 ans d&#8217;engagement, cela nous para\u00eet un peu court ; et ce d&#8217;autant plus que ce mariage n&#8217;\u00e9tait pas pr\u00e9vu dans notre programme. Quelle l\u00e9gitimit\u00e9 avons-nous \u00e0 prendre une d\u00e9cision si importante, \u00e0 un an des \u00e9lections municipales, sans que les villeurbannaises et villeurbannais n&#8217;aient pu r\u00e9fl\u00e9chir \u00e0 la question ? Il y a certes des concertations en cours pour envisager l&#8217;avenir du quartier Bonnevay, mais rien de sp\u00e9cifique \u00e0 l&#8217;Astroballe, et encore moins \u00e0 une SEMOP.&nbsp;<\/p>\n\n\n\n<p>Encore un dernier point. Les concerts et autres \u00e9v\u00e9nements d&#8217;ampleur ne sont pas \u00e9cologiquement soutenables. Les soirs de match, le quartier est d\u00e9j\u00e0 encombr\u00e9 de voitures. Qui peut croire qu&#8217;une salle de 6000 places n&#8217;amplifiera pas le ph\u00e9nom\u00e8ne ?<\/p>\n\n\n\n<p>Une fois qu&#8217;on a dit tout \u00e7a, nous le r\u00e9affirmons : nous sommes bien s\u00fbr pour la r\u00e9novation de Bonnevay ! Une r\u00e9novation pour r\u00e9pondre au sentiment d&#8217;abandon, pour donner un nouveau souffle au quartier ; une r\u00e9novation discut\u00e9e et d\u00e9cid\u00e9e d&#8217;abord avec ses habitantes et ses habitants, son conseil de quartier, ses associations ; bref, une r\u00e9novation pour les villeurbannaises et les villeurbannais.<\/p>\n\n\n\n<p>D&#8217;ailleurs, il y a d\u00e9j\u00e0 des choses en cours : les travaux du centre nautique Etienne Gagnaire ; l&#8217;appel \u00e0 manifestation d&#8217;int\u00e9r\u00eat dans le secteur Lyvet, pour une occupation temporaire des b\u00e2timents. Et des r\u00e9flexions \u00e0 approfondir, notamment sur le devenir du C\u00e9libatorium, le r\u00e9am\u00e9nagement des berges, ou encore le franchissement du p\u00e9riph\u00e9rique.&nbsp;<\/p>\n\n\n\n<p>Ce quartier, on y croit !<\/p>\n\n\n\n<p>Nous devons sortir du \u00ab comment \u00bb, centr\u00e9 sur la technique, et revenir au \u00ab pourquoi \u00bb en \u00e9largissant notre regard. R\u00e9nover l&#8217;Astroballe, pour quoi faire ? Pour qui ?<\/p>\n\n\n\n<p>Nous voulons prendre le temps. Prendre le temps, avec les habitantes et habitants, de r\u00e9fl\u00e9chir \u00e0 l&#8217;avenir de l&#8217;Astroballe. Comment ne pas les en d\u00e9poss\u00e9der ? Comment faire en sorte que cet \u00e9quipement continue d&#8217;appartenir \u00e0 l&#8217;histoire villeurbannaise ? Quelle serait la meilleure solution, qui corresponde aux orientations \u00e9cologiques, d\u00e9mocratiques et sociales que nous essayons de mettre en \u0153uvre depuis cinq ans ?<\/p>\n\n\n\n<p>Plut\u00f4t que d&#8217;aller vers la facilit\u00e9, faisons fonctionner l&#8217;intelligence collective. Rien que dans notre groupe, des id\u00e9es pour l&#8217;avenir de l&#8217;Astroballe, avec les contraintes budg\u00e9taires que l&#8217;on sait, ont \u00e9merg\u00e9 \u00e0 force de discussions ; imaginez cela \u00e0 l&#8217;\u00e9chelle du quartier, de la ville ? Pourquoi aller si vite, quelle est l&#8217;urgence ? Comme nous l&#8217;avions not\u00e9 dans notre plan de mandat, pourquoi n&#8217;avons-nous pas fait appel \u00e0 un jury citoyen pour ce projet ? Pourquoi ne pas impliquer le tissu associatif, sportif et culturel, qui ne manque pas \u00e0 Villeurbanne ?<\/p>\n\n\n\n<p>Ces discussions \u00e0 grande \u00e9chelle permettraient de d\u00e9cider de ce qu&#8217;on veut vraiment faire de ce b\u00e2timent. Il faut avoir en t\u00eate que l&#8217;Astroballe telle qu&#8217;on la conna\u00eet n&#8217;existera plus vraiment \u00e0 la suite des travaux pr\u00e9vus par la SEMOP.<\/p>\n\n\n\n<p>Toutes nos r\u00e9flexions aboutissent \u00e0 ce choix : nous voterons contre ce rapport. Nous esp\u00e9rons que vous nous suivrez dans cette voie, pour laisser le temps de construire d\u00e9mocratiquement un r\u00e9el projet pour l&#8217;Astroballe.<\/p>\n","protected":false},"excerpt":{"rendered":"<p>Par Julien RAVELLO 1945 et 2025, deux dates pour deux \u00e9poques. 1945 d&#8217;abord, avec la naissance d&#8217;Alain Gilles, qui fait rayonner le basket villeurbannais en offrant ses titres de champions de France \u00e0 l&#8217;ASVEL. Il incarne comme d&#8217;autres avant lui une \u00e9poque o\u00f9 les joueurs \u00e9taient issus de la r\u00e9gion et o\u00f9 leur performance \u00e9tait&#8230;<\/p>\n","protected":false},"author":1,"featured_media":0,"comment_status":"open","ping_status":"open","sticky":false,"template":"","format":"standard","meta":[],"categories":[1],"tags":[54,44,43,189],"_links":{"self":[{"href":"https:\/\/villeurbanne-insoumise-ensemble.fr\/index.php?rest_route=\/wp\/v2\/posts\/2085"}],"collection":[{"href":"https:\/\/villeurbanne-insoumise-ensemble.fr\/index.php?rest_route=\/wp\/v2\/posts"}],"about":[{"href":"https:\/\/villeurbanne-insoumise-ensemble.fr\/index.php?rest_route=\/wp\/v2\/types\/post"}],"author":[{"embeddable":true,"href":"https:\/\/villeurbanne-insoumise-ensemble.fr\/index.php?rest_route=\/wp\/v2\/users\/1"}],"replies":[{"embeddable":true,"href":"https:\/\/villeurbanne-insoumise-ensemble.fr\/index.php?rest_route=%2Fwp%2Fv2%2Fcomments&post=2085"}],"version-history":[{"count":2,"href":"https:\/\/villeurbanne-insoumise-ensemble.fr\/index.php?rest_route=\/wp\/v2\/posts\/2085\/revisions"}],"predecessor-version":[{"id":2091,"href":"https:\/\/villeurbanne-insoumise-ensemble.fr\/index.php?rest_route=\/wp\/v2\/posts\/2085\/revisions\/2091"}],"wp:attachment":[{"href":"https:\/\/villeurbanne-insoumise-ensemble.fr\/index.php?rest_route=%2Fwp%2Fv2%2Fmedia&parent=2085"}],"wp:term":[{"taxonomy":"category","embeddable":true,"href":"https:\/\/villeurbanne-insoumise-ensemble.fr\/index.php?rest_route=%2Fwp%2Fv2%2Fcategories&post=2085"},{"taxonomy":"post_tag","embeddable":true,"href":"https:\/\/villeurbanne-insoumise-ensemble.fr\/index.php?rest_route=%2Fwp%2Fv2%2Ftags&post=2085"}],"curies":[{"name":"wp","href":"https:\/\/api.w.org\/{rel}","templated":true}]}}