{"id":2082,"date":"2025-04-01T10:25:00","date_gmt":"2025-04-01T08:25:00","guid":{"rendered":"https:\/\/villeurbanne-insoumise-ensemble.fr\/?p=2082"},"modified":"2025-04-08T10:26:14","modified_gmt":"2025-04-08T08:26:14","slug":"pas-degalite-sans-fonctionnaires","status":"publish","type":"post","link":"https:\/\/villeurbanne-insoumise-ensemble.fr\/?p=2082","title":{"rendered":"Pas d&#8217;\u00e9galit\u00e9 sans fonctionnaires !"},"content":{"rendered":"\n<p>Vous croisez les 2 500 agent\u00b7es de la Ville dans les \u00e9coles, les \u00e9quipements sportifs, les biblioth\u00e8ques, les EHPAD, les parcs ; et \u00e0 ces agent\u00b7es visibles s&#8217;ajoutent ceux et celles qui soutiennent le bon fonctionnement de la municipalit\u00e9.&nbsp;<\/p>\n\n\n\n<p>C&#8217;est \u00e0 ces visages que nous devons l&#8217;application de nos politiques publiques. Cette reconnaissance n&#8217;est cependant pas suffisante : c&#8217;est pourquoi, durant ces 6 ann\u00e9es de mandat, nous nous attelons \u00e0 r\u00e9pondre aux besoins concrets de nos fonctionnaires sur plusieurs points. La r\u00e9mun\u00e9ration bien s\u00fbr, avec la cr\u00e9ation d&#8217;un salaire minimum de 1 632 \u20ac nets qui concerne 60% des personnels et notamment les femmes. Nous construisons l&#8217;\u00e9galit\u00e9 en permettant le travail sur 4 jours, ce qui \u00e9vite des temps partiels qui \u00e9choient majoritairement aux femmes, mais aussi en cr\u00e9ant de la donn\u00e9e sur les in\u00e9galit\u00e9s qui touchent les personnes handicap\u00e9es, celles per\u00e7ues comme non-europ\u00e9nnes, ou encore sur les discriminations LGBTQI+phobes ; nous proposons d&#8217;ailleurs un plan d&#8217;action concert\u00e9 avec les personnels.<\/p>\n\n\n\n<p>En r\u00e9duisant le remboursement des arr\u00eats maladie des fonctionnaires, c&#8217;est aussi le service public et les citoyen\u00b7nes qu&#8217;agresse le gouvernement Bayrou. N&#8217;a-t-il pas retenu les le\u00e7ons de la pand\u00e9mie de Covid19 ? Faire travailler des personnes malades est le meilleur moyen de propager les virus. Ce sont les avantages du priv\u00e9 que l&#8217;on devrait aligner sur ceux du secteur public, et non l&#8217;inverse.&nbsp;<\/p>\n\n\n\n<p>Cette attaque n&#8217;est cependant pas surprenante, car dans la lign\u00e9e des discours contre le fonctionnariat. Ces critiques oublient cependant que c&#8217;est gr\u00e2ce au service public que les in\u00e9galit\u00e9s sont les plus diminu\u00e9es dans notre pays : la redistribution li\u00e9e aux prestations sociales y contribue \u00e0 hauteur de 23%, mais ce sont surtout les service publics rendus en nature (\u00e9ducation, sant\u00e9, logement&#8230;) qui y participent \u00e0 50%. Selon l&#8217;INSEE, apr\u00e8s redistribution, l&#8217;\u00e9cart entre pauvres et riches est de 1 \u00e0 3 contre 1 \u00e0 18 avant.&nbsp;<\/p>\n\n\n\n<p>Vive le service public !<\/p>\n","protected":false},"excerpt":{"rendered":"<p>Vous croisez les 2 500 agent\u00b7es de la Ville dans les \u00e9coles, les \u00e9quipements sportifs, les biblioth\u00e8ques, les EHPAD, les parcs ; et \u00e0 ces agent\u00b7es visibles s&#8217;ajoutent ceux et celles qui soutiennent le bon fonctionnement de la municipalit\u00e9.&nbsp; C&#8217;est \u00e0 ces visages que nous devons l&#8217;application de nos politiques publiques. Cette reconnaissance n&#8217;est cependant&#8230;<\/p>\n","protected":false},"author":1,"featured_media":0,"comment_status":"open","ping_status":"open","sticky":false,"template":"","format":"standard","meta":[],"categories":[8,197,17],"tags":[],"_links":{"self":[{"href":"https:\/\/villeurbanne-insoumise-ensemble.fr\/index.php?rest_route=\/wp\/v2\/posts\/2082"}],"collection":[{"href":"https:\/\/villeurbanne-insoumise-ensemble.fr\/index.php?rest_route=\/wp\/v2\/posts"}],"about":[{"href":"https:\/\/villeurbanne-insoumise-ensemble.fr\/index.php?rest_route=\/wp\/v2\/types\/post"}],"author":[{"embeddable":true,"href":"https:\/\/villeurbanne-insoumise-ensemble.fr\/index.php?rest_route=\/wp\/v2\/users\/1"}],"replies":[{"embeddable":true,"href":"https:\/\/villeurbanne-insoumise-ensemble.fr\/index.php?rest_route=%2Fwp%2Fv2%2Fcomments&post=2082"}],"version-history":[{"count":1,"href":"https:\/\/villeurbanne-insoumise-ensemble.fr\/index.php?rest_route=\/wp\/v2\/posts\/2082\/revisions"}],"predecessor-version":[{"id":2083,"href":"https:\/\/villeurbanne-insoumise-ensemble.fr\/index.php?rest_route=\/wp\/v2\/posts\/2082\/revisions\/2083"}],"wp:attachment":[{"href":"https:\/\/villeurbanne-insoumise-ensemble.fr\/index.php?rest_route=%2Fwp%2Fv2%2Fmedia&parent=2082"}],"wp:term":[{"taxonomy":"category","embeddable":true,"href":"https:\/\/villeurbanne-insoumise-ensemble.fr\/index.php?rest_route=%2Fwp%2Fv2%2Fcategories&post=2082"},{"taxonomy":"post_tag","embeddable":true,"href":"https:\/\/villeurbanne-insoumise-ensemble.fr\/index.php?rest_route=%2Fwp%2Fv2%2Ftags&post=2082"}],"curies":[{"name":"wp","href":"https:\/\/api.w.org\/{rel}","templated":true}]}}