{"id":2080,"date":"2025-03-01T10:24:00","date_gmt":"2025-03-01T09:24:00","guid":{"rendered":"https:\/\/villeurbanne-insoumise-ensemble.fr\/?p=2080"},"modified":"2025-04-08T10:25:31","modified_gmt":"2025-04-08T08:25:31","slug":"49-3-raisons-de-contester-le-budget-bayrou","status":"publish","type":"post","link":"https:\/\/villeurbanne-insoumise-ensemble.fr\/?p=2080","title":{"rendered":"49.3 raisons de contester le budget Bayrou"},"content":{"rendered":"\n<p>Un budget pire que celui de M. Barnier, le plus aust\u00e9ritaire du XXI es : moins 2,2 milliards pour les collectivit\u00e9s, &#8211; 1,9 Mds pour le travail, &#8211; 1,3 Mds pour l\u2019\u00e9cologie, &#8211; 1,2 Mds pour l\u2019\u00e9cole ; &#8211; 700 millions pour l\u2019aide publique au d\u00e9veloppement, &#8211; 630 M pour l\u2019enseignement sup\u00e9rieur, &#8211; 111 M pour l\u2019Aide M\u00e9dicale d\u2019Etat. L\u2019augmentation de la taxe sur l\u2019\u00e9lectricit\u00e9, et 11 M de personnes qui paieront plus cher.<\/p>\n\n\n\n<p>Une politique aust\u00e9ritaire, une politique pour les richissimes : un effort financier reposant aux 2\/3 sur les d\u00e9penses publiques, face \u00e0 &#8211; 60 Mds de recettes dues aux r\u00e9formes fiscales depuis 2017 ; la surtaxe sur les b\u00e9n\u00e9fices des grandes entreprises limit\u00e9e \u00e0 2025, pas d\u2019augmentation de la <em>flat tax<\/em>. Les milliardaires qui ne contribuent pas, aux d\u00e9pends des autres, aux d\u00e9pends de notre mod\u00e8le social.<\/p>\n\n\n\n<p>Un budget augmentant la r\u00e9cession, car cr\u00e9ant un cercle vicieux pour l\u2019\u00e9conomie :&nbsp; baisse des investissements publics, donc baisse du pouvoir d\u2019achat, donc baisse des commandes pour les entreprises, donc baisse de l\u2019activit\u00e9 \u00e9conomique, donc plans de licenciements massifs, donc baisse du pouvoir d\u2019achat, etc. Un monde associatif pr\u00e9caris\u00e9, le secteur du b\u00e2timent mis en p\u00e9ril, nos services publics toujours plus essor\u00e9s.<\/p>\n\n\n\n<p>Pour les collectivit\u00e9s, s\u2019ajoutant \u00e0 &#8211; 71 Mds de dotations depuis 2010, la fin de la taxe fonci\u00e8re et l\u2019augmentation des d\u00e9penses obligatoires : l\u2019ass\u00e8chement des finances locales. Le dispositif \u00ab DILICO \u00bb ponctionnant les recettes de la Ville et de 2098 autres collectivit\u00e9s. Le gel de la compensation de la TVA, soit \u2013 1,2 Mds pour les budgets locaux. L\u2019augmentation de la cotisation retraite. Leurs cons\u00e9quences : un recours accru \u00e0 l\u2019emprunt, une d\u00e9gradation des comptes publics locaux. L\u2019atteinte faite aux plans de mandat, \u00e0 l\u2019acc\u00e8s au service public local, aux r\u00e9ponses au changement climatique, \u00e0 la pauvret\u00e9. La mise en p\u00e9ril du principe de libre administration des collectivit\u00e9s, la recentralisation latente.<\/p>\n\n\n\n<p>Notre d\u00e9mocratie \u00e0 nouveau d\u00e9nigr\u00e9e.<\/p>\n","protected":false},"excerpt":{"rendered":"<p>Un budget pire que celui de M. Barnier, le plus aust\u00e9ritaire du XXI es : moins 2,2 milliards pour les collectivit\u00e9s, &#8211; 1,9 Mds pour le travail, &#8211; 1,3 Mds pour l\u2019\u00e9cologie, &#8211; 1,2 Mds pour l\u2019\u00e9cole ; &#8211; 700 millions pour l\u2019aide publique au d\u00e9veloppement, &#8211; 630 M pour l\u2019enseignement sup\u00e9rieur, &#8211; 111 M&#8230;<\/p>\n","protected":false},"author":1,"featured_media":0,"comment_status":"open","ping_status":"open","sticky":false,"template":"","format":"standard","meta":[],"categories":[8,197,17],"tags":[],"_links":{"self":[{"href":"https:\/\/villeurbanne-insoumise-ensemble.fr\/index.php?rest_route=\/wp\/v2\/posts\/2080"}],"collection":[{"href":"https:\/\/villeurbanne-insoumise-ensemble.fr\/index.php?rest_route=\/wp\/v2\/posts"}],"about":[{"href":"https:\/\/villeurbanne-insoumise-ensemble.fr\/index.php?rest_route=\/wp\/v2\/types\/post"}],"author":[{"embeddable":true,"href":"https:\/\/villeurbanne-insoumise-ensemble.fr\/index.php?rest_route=\/wp\/v2\/users\/1"}],"replies":[{"embeddable":true,"href":"https:\/\/villeurbanne-insoumise-ensemble.fr\/index.php?rest_route=%2Fwp%2Fv2%2Fcomments&post=2080"}],"version-history":[{"count":1,"href":"https:\/\/villeurbanne-insoumise-ensemble.fr\/index.php?rest_route=\/wp\/v2\/posts\/2080\/revisions"}],"predecessor-version":[{"id":2081,"href":"https:\/\/villeurbanne-insoumise-ensemble.fr\/index.php?rest_route=\/wp\/v2\/posts\/2080\/revisions\/2081"}],"wp:attachment":[{"href":"https:\/\/villeurbanne-insoumise-ensemble.fr\/index.php?rest_route=%2Fwp%2Fv2%2Fmedia&parent=2080"}],"wp:term":[{"taxonomy":"category","embeddable":true,"href":"https:\/\/villeurbanne-insoumise-ensemble.fr\/index.php?rest_route=%2Fwp%2Fv2%2Fcategories&post=2080"},{"taxonomy":"post_tag","embeddable":true,"href":"https:\/\/villeurbanne-insoumise-ensemble.fr\/index.php?rest_route=%2Fwp%2Fv2%2Ftags&post=2080"}],"curies":[{"name":"wp","href":"https:\/\/api.w.org\/{rel}","templated":true}]}}