{"id":2077,"date":"2025-02-01T10:20:00","date_gmt":"2025-02-01T09:20:00","guid":{"rendered":"https:\/\/villeurbanne-insoumise-ensemble.fr\/?p=2077"},"modified":"2025-04-08T10:24:19","modified_gmt":"2025-04-08T08:24:19","slug":"ode-a-lesprit-critique","status":"publish","type":"post","link":"https:\/\/villeurbanne-insoumise-ensemble.fr\/?p=2077","title":{"rendered":"Ode \u00e0 l\u2019esprit critique"},"content":{"rendered":"\n<p>Trump a retrouv\u00e9 les cl\u00e9s de la Maison Blanche. Croire que cela n\u2019aurait aucune incidence en France serait une erreur : les extr\u00eames-droites s\u2019inspirent mutuellement.<\/p>\n\n\n\n<p>L\u00e0-bas, Musk rach\u00e8te X pour r\u00e9cup\u00e9rer les donn\u00e9es de millions de personnes et manipuler l\u2019\u00e9lection ; ici, Bollor\u00e9 et St\u00e9rin investissent des millions, l&#8217;un dans la presse et maisons d\u2019\u00e9dition, l&#8217;autre dans un plan \u00ab P\u00e9ricl\u00e8s \u00bb destin\u00e9 \u00e0 la victoire de l\u2019extr\u00eame-droite, en normalisant des id\u00e9es aux relents de 1933.<\/p>\n\n\n\n<p>Tout devient permis, m\u00eame les pires mensonges et infamies. De Ciotti sur la r\u00e9gie publicitaire de la SNCF, tout \u00e0 son obsession de calomnier le \u00ab diktat des syndicats d\u2019extr\u00eame-gauche \u00bb, \u00e0 Borne proph\u00e9tisant que \u00ab les fonctionnaires ne seront plus pay\u00e9s \u00bb en cas de censure du gouvernement, la r\u00e9alit\u00e9 est tordue sans autre consid\u00e9ration que celle du pouvoir. Et pendant que l\u2019on \u00e9ructe sur des pol\u00e9miques st\u00e9riles, rien sur les crises \u00e9cologique, sociale, de r\u00e9gime, que nous traversons.&nbsp;<\/p>\n\n\n\n<p>Comment en est-on arriv\u00e9\u00b7es l\u00e0 ? Difficile de pr\u00e9senter de v\u00e9ritables conclusions, m\u00eame si l\u2019on peut proposer une piste. Depuis des dizaines d\u2019ann\u00e9es, la seule id\u00e9ologie vue comme acceptable dans les milieux politiques et m\u00e9dias auto-proclam\u00e9s \u00ab raisonnables \u00bb est celle du lib\u00e9ralisme. Dans ce discours unique, les propositions alternatives et notamment de gauche peinent \u00e0 se faire conna\u00eetre et sont tax\u00e9es d\u2019irr\u00e9alistes. Quand le d\u00e9bat contradictoire est \u00e9touff\u00e9, quand les citoyen\u00b7nes ne trouvent pas de r\u00e9solution politique \u00e0 leurs maux, alors ils et elles recherchent une proposition alternative. Dans un pays comme les Etats-Unis o\u00f9 la gauche est quasi-inexistante, comment s\u2019\u00e9tonner que la seule proposition divergente possible apparaisse comme celle de l\u2019extr\u00eame-droite ?<\/p>\n\n\n\n<p>Ici comme ailleurs, notre responsabilit\u00e9 est de proposer une alternative cr\u00e9dible au lib\u00e9ralisme pour un monde plus \u00e9galitaire, et de d\u00e9construire les discours d&#8217;extr\u00eame droite qui attisent les haines pour d\u00e9fendre les int\u00e9r\u00eats des plus riches.<\/p>\n","protected":false},"excerpt":{"rendered":"<p>Trump a retrouv\u00e9 les cl\u00e9s de la Maison Blanche. Croire que cela n\u2019aurait aucune incidence en France serait une erreur : les extr\u00eames-droites s\u2019inspirent mutuellement. L\u00e0-bas, Musk rach\u00e8te X pour r\u00e9cup\u00e9rer les donn\u00e9es de millions de personnes et manipuler l\u2019\u00e9lection ; ici, Bollor\u00e9 et St\u00e9rin investissent des millions, l&#8217;un dans la presse et maisons d\u2019\u00e9dition,&#8230;<\/p>\n","protected":false},"author":1,"featured_media":0,"comment_status":"open","ping_status":"open","sticky":false,"template":"","format":"standard","meta":[],"categories":[8,197,17],"tags":[87],"_links":{"self":[{"href":"https:\/\/villeurbanne-insoumise-ensemble.fr\/index.php?rest_route=\/wp\/v2\/posts\/2077"}],"collection":[{"href":"https:\/\/villeurbanne-insoumise-ensemble.fr\/index.php?rest_route=\/wp\/v2\/posts"}],"about":[{"href":"https:\/\/villeurbanne-insoumise-ensemble.fr\/index.php?rest_route=\/wp\/v2\/types\/post"}],"author":[{"embeddable":true,"href":"https:\/\/villeurbanne-insoumise-ensemble.fr\/index.php?rest_route=\/wp\/v2\/users\/1"}],"replies":[{"embeddable":true,"href":"https:\/\/villeurbanne-insoumise-ensemble.fr\/index.php?rest_route=%2Fwp%2Fv2%2Fcomments&post=2077"}],"version-history":[{"count":1,"href":"https:\/\/villeurbanne-insoumise-ensemble.fr\/index.php?rest_route=\/wp\/v2\/posts\/2077\/revisions"}],"predecessor-version":[{"id":2078,"href":"https:\/\/villeurbanne-insoumise-ensemble.fr\/index.php?rest_route=\/wp\/v2\/posts\/2077\/revisions\/2078"}],"wp:attachment":[{"href":"https:\/\/villeurbanne-insoumise-ensemble.fr\/index.php?rest_route=%2Fwp%2Fv2%2Fmedia&parent=2077"}],"wp:term":[{"taxonomy":"category","embeddable":true,"href":"https:\/\/villeurbanne-insoumise-ensemble.fr\/index.php?rest_route=%2Fwp%2Fv2%2Fcategories&post=2077"},{"taxonomy":"post_tag","embeddable":true,"href":"https:\/\/villeurbanne-insoumise-ensemble.fr\/index.php?rest_route=%2Fwp%2Fv2%2Ftags&post=2077"}],"curies":[{"name":"wp","href":"https:\/\/api.w.org\/{rel}","templated":true}]}}