{"id":2042,"date":"2025-02-18T15:39:08","date_gmt":"2025-02-18T14:39:08","guid":{"rendered":"https:\/\/villeurbanne-insoumise-ensemble.fr\/?p=2042"},"modified":"2025-02-18T15:39:09","modified_gmt":"2025-02-18T14:39:09","slug":"vaille-que-vaille-nous-continuons-a-investir-dans-la-vie-associative","status":"publish","type":"post","link":"https:\/\/villeurbanne-insoumise-ensemble.fr\/?p=2042","title":{"rendered":"Vaille que vaille, nous continuons \u00e0 investir dans la vie associative !"},"content":{"rendered":"\n<p><em>Par Morgane GUILLAS<\/em><\/p>\n\n\n\n<figure class=\"wp-block-embed is-type-video is-provider-youtube wp-block-embed-youtube wp-embed-aspect-16-9 wp-has-aspect-ratio\"><div class=\"wp-block-embed__wrapper\">\n<iframe loading=\"lazy\" title=\"Morgane GUILLAS - Vaille que vaille nous continuons \u00e0 investir dans la vie associative !\" width=\"640\" height=\"360\" src=\"https:\/\/www.youtube.com\/embed\/iryfQ9g3K50?feature=oembed\" frameborder=\"0\" allow=\"accelerometer; autoplay; clipboard-write; encrypted-media; gyroscope; picture-in-picture; web-share\" referrerpolicy=\"strict-origin-when-cross-origin\" allowfullscreen><\/iframe>\n<\/div><\/figure>\n\n\n\n<p>Avec ce programme de travaux 2025, comme nous l&#8217;avions pr\u00e9vu au plan de mandat, nous continuons \u00e0 investir dans la vie associative villeurbannaise. Pour cette d\u00e9lib\u00e9ration, ce sont plus de 200 000\u20ac investis pour le CCVA, la Maison de quartier des Brosses ou la maison Solidarit\u00e9 pour Exister. Ces programmes de travaux ne sont d&#8217;ailleurs pas repr\u00e9sentatifs de notre implication puisque l&#8217;essentiel de nos d\u00e9penses sont plut\u00f4t des subventions, que nous reversons tout au long de l&#8217;ann\u00e9e.<\/p>\n\n\n\n<p>Nous continuons vaille que vaille, comme mes coll\u00e8gues vous l\u2019ont d\u00e9j\u00e0 dit.<\/p>\n\n\n\n<p>Alors, on pourra nous dire que l&#8217;effort version Bayrou de 2,2 milliards demand\u00e9 aux collectivit\u00e9s est beaucoup moins important que celui version Barnier de 5 milliards. Mais c&#8217;est oublier un peu vite qu&#8217;il donne l&#8217;opportunit\u00e9 \u00e0 certains d&#8217;imposer sans concertation leur dogme politique.<\/p>\n\n\n\n<p>Peut-\u00eatre le savez-vous d\u00e9j\u00e0&nbsp;: l&#8217;ex\u00e9cutif de notre r\u00e9gion a d\u00e9cid\u00e9, sans pr\u00e9venir et sans justification, de supprimer enti\u00e8rement ses financements \u00e0 l&#8217;\u00e9conomie sociale et solidaire, constitu\u00e9es \u00e0 80 % d&#8217;associations. C&#8217;\u00e9tait une des craintes du Mouvement associatif, qui indique que 186 000 emplois de l&#8217;ESS sont mis en danger par les coupes dans les diff\u00e9rents minist\u00e8res.<\/p>\n\n\n\n<p>En Auvergne-Rh\u00f4ne-Alpes, cela se traduit par un tiers de budget en moins pour la Chambre R\u00e9gionale de l&#8217;ESS.<\/p>\n\n\n\n<p>Ces coupes nationales et r\u00e9gionales, ce sont des coup suppl\u00e9mentaires port\u00e9s \u00e0 la solidarit\u00e9, au partage, \u00e0 l&#8217;\u00e9mancipation ; mais on sait bien que ce ne sont pas les priorit\u00e9s du gouvernement Bayrou. Le choix est d\u00e9lib\u00e9r\u00e9ment fait d&#8217;affaiblir les recettes et les politiques associatives, comme prot\u00e9ger les plus riches en limitant \u00e0 l&#8217;ann\u00e9e 2025 la surtaxe sur les b\u00e9n\u00e9fices des grandes entreprises.<\/p>\n\n\n\n<p>Pour notre part, nous continuerons de d\u00e9fendre et de promouvoir le d\u00e9veloppement associatif et l&#8217;ESS. Nous voterons bien s\u00fbr cette d\u00e9lib\u00e9ration.<\/p>\n","protected":false},"excerpt":{"rendered":"<p>Par Morgane GUILLAS Avec ce programme de travaux 2025, comme nous l&#8217;avions pr\u00e9vu au plan de mandat, nous continuons \u00e0 investir dans la vie associative villeurbannaise. Pour cette d\u00e9lib\u00e9ration, ce sont plus de 200 000\u20ac investis pour le CCVA, la Maison de quartier des Brosses ou la maison Solidarit\u00e9 pour Exister. Ces programmes de travaux&#8230;<\/p>\n","protected":false},"author":1,"featured_media":0,"comment_status":"open","ping_status":"open","sticky":false,"template":"","format":"standard","meta":[],"categories":[196,7],"tags":[84,88],"_links":{"self":[{"href":"https:\/\/villeurbanne-insoumise-ensemble.fr\/index.php?rest_route=\/wp\/v2\/posts\/2042"}],"collection":[{"href":"https:\/\/villeurbanne-insoumise-ensemble.fr\/index.php?rest_route=\/wp\/v2\/posts"}],"about":[{"href":"https:\/\/villeurbanne-insoumise-ensemble.fr\/index.php?rest_route=\/wp\/v2\/types\/post"}],"author":[{"embeddable":true,"href":"https:\/\/villeurbanne-insoumise-ensemble.fr\/index.php?rest_route=\/wp\/v2\/users\/1"}],"replies":[{"embeddable":true,"href":"https:\/\/villeurbanne-insoumise-ensemble.fr\/index.php?rest_route=%2Fwp%2Fv2%2Fcomments&post=2042"}],"version-history":[{"count":2,"href":"https:\/\/villeurbanne-insoumise-ensemble.fr\/index.php?rest_route=\/wp\/v2\/posts\/2042\/revisions"}],"predecessor-version":[{"id":2047,"href":"https:\/\/villeurbanne-insoumise-ensemble.fr\/index.php?rest_route=\/wp\/v2\/posts\/2042\/revisions\/2047"}],"wp:attachment":[{"href":"https:\/\/villeurbanne-insoumise-ensemble.fr\/index.php?rest_route=%2Fwp%2Fv2%2Fmedia&parent=2042"}],"wp:term":[{"taxonomy":"category","embeddable":true,"href":"https:\/\/villeurbanne-insoumise-ensemble.fr\/index.php?rest_route=%2Fwp%2Fv2%2Fcategories&post=2042"},{"taxonomy":"post_tag","embeddable":true,"href":"https:\/\/villeurbanne-insoumise-ensemble.fr\/index.php?rest_route=%2Fwp%2Fv2%2Ftags&post=2042"}],"curies":[{"name":"wp","href":"https:\/\/api.w.org\/{rel}","templated":true}]}}