{"id":2038,"date":"2025-02-18T15:38:30","date_gmt":"2025-02-18T14:38:30","guid":{"rendered":"https:\/\/villeurbanne-insoumise-ensemble.fr\/?p=2038"},"modified":"2025-02-18T15:38:31","modified_gmt":"2025-02-18T14:38:31","slug":"vaille-que-vaille-nous-continuons-a-investir-dans-le-sport","status":"publish","type":"post","link":"https:\/\/villeurbanne-insoumise-ensemble.fr\/?p=2038","title":{"rendered":"Vaille que vaille, nous continuons \u00e0 investir dans le sport !"},"content":{"rendered":"\n<p><em>Par Ga\u00ebtan CONSTANT<\/em><\/p>\n\n\n\n<figure class=\"wp-block-embed is-type-video is-provider-youtube wp-block-embed-youtube wp-embed-aspect-16-9 wp-has-aspect-ratio\"><div class=\"wp-block-embed__wrapper\">\n<iframe loading=\"lazy\" title=\"Ga\u00ebtan CONSTANT - Vaille que vaille nous continuons \u00e0 investir dans le sport !\" width=\"640\" height=\"360\" src=\"https:\/\/www.youtube.com\/embed\/6qpzXZvtOuo?feature=oembed\" frameborder=\"0\" allow=\"accelerometer; autoplay; clipboard-write; encrypted-media; gyroscope; picture-in-picture; web-share\" referrerpolicy=\"strict-origin-when-cross-origin\" allowfullscreen><\/iframe>\n<\/div><\/figure>\n\n\n\n<p>Avec ce programme de travaux 2025, comme nous l&#8217;avions pr\u00e9vu au plan de mandat, nous continuons \u00e0 investir dans la pratique du sport \u00e0 Villeurbanne, avec de nouveaux \u00e9quipements sportifs. Nous pensons bien s\u00fbr \u00e0 la construction du complexe La Soie, des vestiaires de Ludgunum, mais aussi aux r\u00e9novations de sites d\u00e9j\u00e0 existants comme la piste d&#8217;athl\u00e9tisme du stade Marie-Th\u00e9r\u00e8se Eyquem. Cette ann\u00e9e, cela repr\u00e9sente plus de 14 millions d&#8217;euros.<\/p>\n\n\n\n<p>Ma camarade Danielle vous l\u2019a d\u00e9j\u00e0 dit, \u00e0 Villeurbanne nous continuons vaille que vaille nous actions et ce, malgr\u00e9 l&#8217;\u00e9touffement budg\u00e9taire organis\u00e9 par les usurpateurs gouvernementaux qui nous imposent le budget le plus aust\u00e9ritaire depuis 25 ans.<\/p>\n\n\n\n<p>Apr\u00e8s la f\u00eate des Jeux Olympiques et leur promotion par le pr\u00e9sident de la R\u00e9publique, comment comprendre une coupe de 10% dans le budget du sport entre 2024 et 2025 ? Le Comit\u00e9 national olympique fran\u00e7ais lui-m\u00eame a d\u00e9nonc\u00e9 la \u00ab ponction \u00bb du projet de loi de finances sur le sport, qui ne repr\u00e9sente d\u00e9j\u00e0 que 0.2% du budget de l&#8217;Etat avec ses 695 millions d\u2019euros. Avec une telle r\u00e9duction, comment les clubs sportifs, d\u00e9j\u00e0 pas assez nombreux, pourront-ils r\u00e9pondre \u00e0 l&#8217;augmentation de la demande ? Sans moyens, comment le sport pourra-t-il se d\u00e9velopper ?<\/p>\n\n\n\n<p>C&#8217;est un coup suppl\u00e9mentaire port\u00e9 \u00e0 l&#8217;\u00e9mancipation, \u00e0 la sant\u00e9, \u00e0 l&#8217;inclusion, \u00e0 l&#8217;\u00e9galit\u00e9&nbsp;; mais on sait bien que ce ne sont toujours pas les priorit\u00e9s du gouvernement Bayrou. Le choix est d\u00e9lib\u00e9r\u00e9ment fait d&#8217;affaiblir les recettes et les politiques sportives, comme prot\u00e9ger les plus riches en limitant \u00e0 l&#8217;ann\u00e9e 2025 la surtaxe sur les b\u00e9n\u00e9fices des grandes entreprises.<\/p>\n\n\n\n<p>Pour notre part, nous continuerons de d\u00e9fendre et de d\u00e9velopper les services publics du sport. Nous voterons pour cette d\u00e9lib\u00e9ration.<\/p>\n","protected":false},"excerpt":{"rendered":"<p>Par Ga\u00ebtan CONSTANT Avec ce programme de travaux 2025, comme nous l&#8217;avions pr\u00e9vu au plan de mandat, nous continuons \u00e0 investir dans la pratique du sport \u00e0 Villeurbanne, avec de nouveaux \u00e9quipements sportifs. Nous pensons bien s\u00fbr \u00e0 la construction du complexe La Soie, des vestiaires de Ludgunum, mais aussi aux r\u00e9novations de sites d\u00e9j\u00e0&#8230;<\/p>\n","protected":false},"author":1,"featured_media":0,"comment_status":"open","ping_status":"open","sticky":false,"template":"","format":"standard","meta":[],"categories":[196,7],"tags":[189],"_links":{"self":[{"href":"https:\/\/villeurbanne-insoumise-ensemble.fr\/index.php?rest_route=\/wp\/v2\/posts\/2038"}],"collection":[{"href":"https:\/\/villeurbanne-insoumise-ensemble.fr\/index.php?rest_route=\/wp\/v2\/posts"}],"about":[{"href":"https:\/\/villeurbanne-insoumise-ensemble.fr\/index.php?rest_route=\/wp\/v2\/types\/post"}],"author":[{"embeddable":true,"href":"https:\/\/villeurbanne-insoumise-ensemble.fr\/index.php?rest_route=\/wp\/v2\/users\/1"}],"replies":[{"embeddable":true,"href":"https:\/\/villeurbanne-insoumise-ensemble.fr\/index.php?rest_route=%2Fwp%2Fv2%2Fcomments&post=2038"}],"version-history":[{"count":2,"href":"https:\/\/villeurbanne-insoumise-ensemble.fr\/index.php?rest_route=\/wp\/v2\/posts\/2038\/revisions"}],"predecessor-version":[{"id":2045,"href":"https:\/\/villeurbanne-insoumise-ensemble.fr\/index.php?rest_route=\/wp\/v2\/posts\/2038\/revisions\/2045"}],"wp:attachment":[{"href":"https:\/\/villeurbanne-insoumise-ensemble.fr\/index.php?rest_route=%2Fwp%2Fv2%2Fmedia&parent=2038"}],"wp:term":[{"taxonomy":"category","embeddable":true,"href":"https:\/\/villeurbanne-insoumise-ensemble.fr\/index.php?rest_route=%2Fwp%2Fv2%2Fcategories&post=2038"},{"taxonomy":"post_tag","embeddable":true,"href":"https:\/\/villeurbanne-insoumise-ensemble.fr\/index.php?rest_route=%2Fwp%2Fv2%2Ftags&post=2038"}],"curies":[{"name":"wp","href":"https:\/\/api.w.org\/{rel}","templated":true}]}}