{"id":2035,"date":"2025-02-18T15:38:13","date_gmt":"2025-02-18T14:38:13","guid":{"rendered":"https:\/\/villeurbanne-insoumise-ensemble.fr\/?p=2035"},"modified":"2025-02-18T15:38:15","modified_gmt":"2025-02-18T14:38:15","slug":"vaille-que-vaille-nous-continuons-a-investir-dans-la-culture","status":"publish","type":"post","link":"https:\/\/villeurbanne-insoumise-ensemble.fr\/?p=2035","title":{"rendered":"Vaille que vaille, nous continuons \u00e0 investir dans la culture !"},"content":{"rendered":"\n<p><em>Par Danielle CARASCO<\/em><\/p>\n\n\n\n<figure class=\"wp-block-embed is-type-video is-provider-youtube wp-block-embed-youtube wp-embed-aspect-16-9 wp-has-aspect-ratio\"><div class=\"wp-block-embed__wrapper\">\n<iframe loading=\"lazy\" title=\"Danielle CARASCO - Vaille que vaille nous continuons \u00e0 investir dans la culture !\" width=\"640\" height=\"360\" src=\"https:\/\/www.youtube.com\/embed\/OvLIvPD7vVk?feature=oembed\" frameborder=\"0\" allow=\"accelerometer; autoplay; clipboard-write; encrypted-media; gyroscope; picture-in-picture; web-share\" referrerpolicy=\"strict-origin-when-cross-origin\" allowfullscreen><\/iframe>\n<\/div><\/figure>\n\n\n\n<p>Avec ce programme de travaux 2025, comme nous l&#8217;avions pr\u00e9vu au plan de mandat, nous continuons \u00e0 investir dans la politique culturelle de la Ville. Ce sont donc plus d&#8217;un million d&#8217;euros que nous d\u00e9dions \u00e0 la nouvelle m\u00e9diath\u00e8que du Tonkin, au centre L\u00e9o Lagrange, au TNP, ou encore au site Frappaz. Il faut y ajouter toutes les subventions et les d\u00e9penses de fonctionnement, qui repr\u00e9sentent plus de 10 millions d&#8217;euros pour cette ann\u00e9e.<\/p>\n\n\n\n<p>Nous continuons vaille que vaille, malgr\u00e9 l&#8217;\u00e9touffement budg\u00e9taire organis\u00e9 par les usurpateurs gouvernementaux qui nous imposent le budget le plus aust\u00e9ritaire depuis 25 ans. Ils continuent dans la droite lign\u00e9e de leurs pr\u00e9d\u00e9cesseurs&nbsp;: entre 2023 et 2024, nos comptes publics nationaux ont \u00e9t\u00e9 plomb\u00e9s par un d\u00e9ficit de pr\u00e8s de 70 milliards d&#8217;euros.<\/p>\n\n\n\n<p>Alors, on pourra nous dire que l&#8217;effort version Bayrou de 2,2 milliards demand\u00e9 aux collectivit\u00e9s est beaucoup moins important que celui version Barnier de 5 milliards. Mais c&#8217;est oublier un peu vite que les gens, au quotidien, ne font pas la diff\u00e9rence entre un service public municipal ou national. D&#8217;ailleurs, cet \u00ab&nbsp;effort&nbsp;\u00bb a d\u00e9j\u00e0 des cons\u00e9quences dans le domaine de la culture puisque les d\u00e9partements de l&#8217;H\u00e9rault et du Pays de la Loire ont respectivement d\u00e9cid\u00e9 de sacrifier ce budget \u00e0 -48% et -67%.<\/p>\n\n\n\n<p>Une coupe de 210 millions d&#8217;euros pour le budget du minist\u00e8re de la Culture et l&#8217;audiovisuel public, ce sont des coups suppl\u00e9mentaires port\u00e9s \u00e0 la cr\u00e9ation, \u00e0 l&#8217;\u00e9mancipation, \u00e0 l&#8217;\u00e9galit\u00e9&nbsp;; mais on sait bien que ce ne sont pas les priorit\u00e9s du gouvernement Bayrou. Le choix est d\u00e9lib\u00e9r\u00e9ment fait d&#8217;affaiblir les recettes et les politiques culturelles, comme de prot\u00e9ger les plus riches en limitant \u00e0 l&#8217;ann\u00e9e 2025 la surtaxe sur les b\u00e9n\u00e9fices des grandes entreprises.<\/p>\n\n\n\n<p>Pour notre part, nous continuerons de d\u00e9fendre et de d\u00e9velopper les services publics envers la culture. Nous voterons pour cette d\u00e9lib\u00e9ration.<\/p>\n","protected":false},"excerpt":{"rendered":"<p>Par Danielle CARASCO Avec ce programme de travaux 2025, comme nous l&#8217;avions pr\u00e9vu au plan de mandat, nous continuons \u00e0 investir dans la politique culturelle de la Ville. Ce sont donc plus d&#8217;un million d&#8217;euros que nous d\u00e9dions \u00e0 la nouvelle m\u00e9diath\u00e8que du Tonkin, au centre L\u00e9o Lagrange, au TNP, ou encore au site Frappaz&#8230;.<\/p>\n","protected":false},"author":1,"featured_media":0,"comment_status":"open","ping_status":"open","sticky":false,"template":"","format":"standard","meta":[],"categories":[196,7],"tags":[84,54],"_links":{"self":[{"href":"https:\/\/villeurbanne-insoumise-ensemble.fr\/index.php?rest_route=\/wp\/v2\/posts\/2035"}],"collection":[{"href":"https:\/\/villeurbanne-insoumise-ensemble.fr\/index.php?rest_route=\/wp\/v2\/posts"}],"about":[{"href":"https:\/\/villeurbanne-insoumise-ensemble.fr\/index.php?rest_route=\/wp\/v2\/types\/post"}],"author":[{"embeddable":true,"href":"https:\/\/villeurbanne-insoumise-ensemble.fr\/index.php?rest_route=\/wp\/v2\/users\/1"}],"replies":[{"embeddable":true,"href":"https:\/\/villeurbanne-insoumise-ensemble.fr\/index.php?rest_route=%2Fwp%2Fv2%2Fcomments&post=2035"}],"version-history":[{"count":2,"href":"https:\/\/villeurbanne-insoumise-ensemble.fr\/index.php?rest_route=\/wp\/v2\/posts\/2035\/revisions"}],"predecessor-version":[{"id":2044,"href":"https:\/\/villeurbanne-insoumise-ensemble.fr\/index.php?rest_route=\/wp\/v2\/posts\/2035\/revisions\/2044"}],"wp:attachment":[{"href":"https:\/\/villeurbanne-insoumise-ensemble.fr\/index.php?rest_route=%2Fwp%2Fv2%2Fmedia&parent=2035"}],"wp:term":[{"taxonomy":"category","embeddable":true,"href":"https:\/\/villeurbanne-insoumise-ensemble.fr\/index.php?rest_route=%2Fwp%2Fv2%2Fcategories&post=2035"},{"taxonomy":"post_tag","embeddable":true,"href":"https:\/\/villeurbanne-insoumise-ensemble.fr\/index.php?rest_route=%2Fwp%2Fv2%2Ftags&post=2035"}],"curies":[{"name":"wp","href":"https:\/\/api.w.org\/{rel}","templated":true}]}}