{"id":2004,"date":"2024-12-19T16:07:55","date_gmt":"2024-12-19T15:07:55","guid":{"rendered":"https:\/\/villeurbanne-insoumise-ensemble.fr\/?p=2004"},"modified":"2024-12-19T16:07:56","modified_gmt":"2024-12-19T15:07:56","slug":"ouvertures-dominicales-huit-ans-apres-quels-resultats","status":"publish","type":"post","link":"https:\/\/villeurbanne-insoumise-ensemble.fr\/?p=2004","title":{"rendered":"Ouvertures dominicales : huit ans apr\u00e8s, quels r\u00e9sultats ?"},"content":{"rendered":"\n<p><em>Par Marc GIOUSE<\/em><\/p>\n\n\n\n<figure class=\"wp-block-embed is-type-video is-provider-youtube wp-block-embed-youtube wp-embed-aspect-16-9 wp-has-aspect-ratio\"><div class=\"wp-block-embed__wrapper\">\n<iframe loading=\"lazy\" title=\"Marc GIOUSE - Ouvertures dominicales : huit ans apr\u00e8s, quels r\u00e9sultats ?\" width=\"640\" height=\"360\" src=\"https:\/\/www.youtube.com\/embed\/zYaW-EHDntM?feature=oembed\" frameborder=\"0\" allow=\"accelerometer; autoplay; clipboard-write; encrypted-media; gyroscope; picture-in-picture; web-share\" referrerpolicy=\"strict-origin-when-cross-origin\" allowfullscreen><\/iframe>\n<\/div><\/figure>\n\n\n\n<p>Monsieur le Maire, coll\u00e8gues, Villeurbannais et Villeurbannaises,<\/p>\n\n\n\n<p>L&#8217;aspiration au repos dominical, c&#8217;est l&#8217;objet de luttes sociales \u00e2pres depuis l&#8217;apparition du salariat. \u00c7a a \u00e9t\u00e9 fix\u00e9 dans la loi en 1906 d&#8217;abord puis apr\u00e8s en 1920, apr\u00e8s de grandes gr\u00e8ves pour la r\u00e9duction du temps de travail.<\/p>\n\n\n\n<p>Aujourd&#8217;hui, les dimanches sans boulot, c&#8217;est d&#8217;abord le droit au repos, mais aussi un droit \u00e0 l&#8217;\u00e9panouissement personnel et \u00e0 la vie familiale.<\/p>\n\n\n\n<p>Sauf \u00e9videmment, pour les professions dont l&#8217;utilit\u00e9 sociale ne souffre pas d&#8217;interruption ; comme les m\u00e9tiers du soin, la s\u00e9curit\u00e9, l\u2019agriculture, ou encore l&#8217;information. J&#8217;en sais quelque chose, j&#8217;ai produit et pr\u00e9sent\u00e9, pendant dix ans, une \u00e9mission de reportage tous les dimanches matin. Je sais ce que \u00e7a impose comme sacrifices dans la vie sociale et familiale. Mais au moins, dans ces m\u00e9tiers, on sait pourquoi on bosse le dimanche.<\/p>\n\n\n\n<p>Dans le commerce ? \u00c7a sert \u00e0 quoi ?<\/p>\n\n\n\n<p>Voil\u00e0 la r\u00e9ponse de celui qui, en 2015, a offert la possibilit\u00e9 \u00e0 tous les commerces d&#8217;ouvrir jusqu&#8217;\u00e0 douze dimanches par an. Un certain Emmanuel Macron qui voulait, je cite, \u201c<em>d\u00e9verrouiller les blocages, en favorisant l&#8217;investissement et en d\u00e9veloppant l&#8217;emploi<\/em>\u201d. Beau projet.<\/p>\n\n\n\n<p>Huit ans plus tard, quels sont les r\u00e9sultats ?&nbsp;<\/p>\n\n\n\n<p>A Villeurbanne, on n\u2019a pas de donn\u00e9es, juste une tentative de sondage qui a fait pschitt. Esp\u00e9rons d\u2019ailleurs que le maintien des 9 dimanches depuis le d\u00e9but du mandat ne soit pas d\u00e9cid\u00e9 sur la base de 6 r\u00e9pondants, dont trois restaurateurs qui n&#8217;ont pas besoin de notre autorisation pour ouvrir le dimanche.<\/p>\n\n\n\n<p>En revanche, on dispose d&#8217;une \u00e9tude r\u00e9alis\u00e9e par l&#8217;Insee en 2023 dans les commerces des \u201czones touristiques internationales\u201d, comme le Vieux Lyon par exemple. L\u00e0 on a constat\u00e9 que dans ces commerces, ni le chiffre d&#8217;affaires, ni le nombre d\u2019employ\u00e9es n&#8217;avaient augment\u00e9.<\/p>\n\n\n\n<p>Par contre les patrons embauchent plus volontiers les personnes dispos\u00e9es \u00e0 travailler le dimanche : un obstacle de plus pour les parents isol\u00e9s (principalement des m\u00e8res) dont l&#8217;emploi a chut\u00e9 de moiti\u00e9 dans ces zones commerciales.<\/p>\n\n\n\n<p>Qu&#8217;est-ce qu&#8217;on a au final&nbsp;? Une baisse de la qualit\u00e9 de vie des salari\u00e9\u00b7es pour un bilan \u00e9conomique non \u00e9tabli localement et nul nationalement. Une r\u00e9forme qui en plus, a exacerb\u00e9 les in\u00e9galit\u00e9s.<\/p>\n\n\n\n<p>Sans parler du signal d\u00e9testable sur le plan \u00e9cologique que la ville de Villeurbanne donnerait en autorisant neuf <em>Black sunday<\/em> pour l\u2019ann\u00e9e 2025.<\/p>\n\n\n\n<p>Les groupes VIE! et Communistes et R\u00e9publicains voteront logiquement contre cette d\u00e9lib\u00e9ration.<\/p>\n\n\n\n<p>Je vous remercie.<\/p>\n","protected":false},"excerpt":{"rendered":"<p>Par Marc GIOUSE Monsieur le Maire, coll\u00e8gues, Villeurbannais et Villeurbannaises, L&#8217;aspiration au repos dominical, c&#8217;est l&#8217;objet de luttes sociales \u00e2pres depuis l&#8217;apparition du salariat. \u00c7a a \u00e9t\u00e9 fix\u00e9 dans la loi en 1906 d&#8217;abord puis apr\u00e8s en 1920, apr\u00e8s de grandes gr\u00e8ves pour la r\u00e9duction du temps de travail. Aujourd&#8217;hui, les dimanches sans boulot, c&#8217;est&#8230;<\/p>\n","protected":false},"author":1,"featured_media":0,"comment_status":"open","ping_status":"open","sticky":false,"template":"","format":"standard","meta":[],"categories":[192,7],"tags":[187,182],"_links":{"self":[{"href":"https:\/\/villeurbanne-insoumise-ensemble.fr\/index.php?rest_route=\/wp\/v2\/posts\/2004"}],"collection":[{"href":"https:\/\/villeurbanne-insoumise-ensemble.fr\/index.php?rest_route=\/wp\/v2\/posts"}],"about":[{"href":"https:\/\/villeurbanne-insoumise-ensemble.fr\/index.php?rest_route=\/wp\/v2\/types\/post"}],"author":[{"embeddable":true,"href":"https:\/\/villeurbanne-insoumise-ensemble.fr\/index.php?rest_route=\/wp\/v2\/users\/1"}],"replies":[{"embeddable":true,"href":"https:\/\/villeurbanne-insoumise-ensemble.fr\/index.php?rest_route=%2Fwp%2Fv2%2Fcomments&post=2004"}],"version-history":[{"count":2,"href":"https:\/\/villeurbanne-insoumise-ensemble.fr\/index.php?rest_route=\/wp\/v2\/posts\/2004\/revisions"}],"predecessor-version":[{"id":2008,"href":"https:\/\/villeurbanne-insoumise-ensemble.fr\/index.php?rest_route=\/wp\/v2\/posts\/2004\/revisions\/2008"}],"wp:attachment":[{"href":"https:\/\/villeurbanne-insoumise-ensemble.fr\/index.php?rest_route=%2Fwp%2Fv2%2Fmedia&parent=2004"}],"wp:term":[{"taxonomy":"category","embeddable":true,"href":"https:\/\/villeurbanne-insoumise-ensemble.fr\/index.php?rest_route=%2Fwp%2Fv2%2Fcategories&post=2004"},{"taxonomy":"post_tag","embeddable":true,"href":"https:\/\/villeurbanne-insoumise-ensemble.fr\/index.php?rest_route=%2Fwp%2Fv2%2Ftags&post=2004"}],"curies":[{"name":"wp","href":"https:\/\/api.w.org\/{rel}","templated":true}]}}