{"id":1977,"date":"2024-11-21T10:20:35","date_gmt":"2024-11-21T09:20:35","guid":{"rendered":"https:\/\/villeurbanne-insoumise-ensemble.fr\/?p=1977"},"modified":"2024-11-21T10:20:36","modified_gmt":"2024-11-21T09:20:36","slug":"souriez-vous-etes-filmes","status":"publish","type":"post","link":"https:\/\/villeurbanne-insoumise-ensemble.fr\/?p=1977","title":{"rendered":"Souriez, vous \u00eates film\u00e9s !"},"content":{"rendered":"\n<p><em>Par Ga\u00ebtan CONSTANT<\/em><\/p>\n\n\n\n<figure class=\"wp-block-embed is-type-video is-provider-youtube wp-block-embed-youtube wp-embed-aspect-16-9 wp-has-aspect-ratio\"><div class=\"wp-block-embed__wrapper\">\n<iframe loading=\"lazy\" title=\"Ga\u00ebtan CONSTANT - Souriez, vous \u00eates film\u00e9s !\" width=\"640\" height=\"360\" src=\"https:\/\/www.youtube.com\/embed\/tVhP9iW2LHA?feature=oembed\" frameborder=\"0\" allow=\"accelerometer; autoplay; clipboard-write; encrypted-media; gyroscope; picture-in-picture; web-share\" referrerpolicy=\"strict-origin-when-cross-origin\" allowfullscreen><\/iframe>\n<\/div><\/figure>\n\n\n\n<p>Vous connaissez d\u00e9j\u00e0 notre position et notre vote sur ce sujet, pour faire honneur \u00e0 l&#8217;adjoint \u00e0 la s\u00e9curit\u00e9 je ferai court.<\/p>\n\n\n\n<p>Je rappelle aux villeurbannaises et villeurbannais que cette d\u00e9lib\u00e9ration acte une demande \u00e0 l&#8217;Etat de 500 000\u20ac pour des cam\u00e9ras de surveillance, ce qui porte l&#8217;investissement total \u00e0 plus de 900 000\u20ac pour 202 nouveaux flux vid\u00e9o.<\/p>\n\n\n\n<p>Souriez, vous \u00eates film\u00e9s !<\/p>\n\n\n\n<p>Je vous l&#8217;accorde, les cam\u00e9ras peuvent avoir des effets localis\u00e9s et ponctuels, pour d\u00e9caler le trafic de drogues par exemple ou permettre \u00e0 la police municipale d&#8217;anticiper ses interventions.&nbsp;<\/p>\n\n\n\n<p>Pour autant, du c\u00f4t\u00e9 des services comme de celui des \u00e9lu\u00b7es, on nous a bien confirm\u00e9 qu&#8217;aucune \u00e9tude prouvant leur efficacit\u00e9 par rapport aux objectifs vis\u00e9s n&#8217;avait vu le jour. Presque 1 million d&#8217;euros d&#8217;investissements pour un dispositif toujours non \u00e9valu\u00e9, c&#8217;est tr\u00e8s \u2013 trop \u2013 cher payer.<\/p>\n\n\n\n<p>Plut\u00f4t que de chercher \u00e0 r\u00e9soudre les trafics ou la d\u00e9linquance sur la forme, nous devons nous attaquer au fond du probl\u00e8me. C&#8217;est l&#8217;objet d&#8217;une d\u00e9lib\u00e9ration que nous voterons dans quelques minutes : mettre des moyens humains, cr\u00e9er du lien. L&#8217;\u00e9ducation, la lutte contre les discriminations, des emplois r\u00e9mun\u00e9rateurs, des services publics de qualit\u00e9, r\u00e9pondent davantage \u00e0 toutes les formes de d\u00e9linquance que des dispositifs de surveillance g\u00e9n\u00e9ralis\u00e9s.\u00a0<\/p>\n\n\n\n<p>Alors que l\u2019\u00c9tat investit 500 000\u20ac dans les cam\u00e9ras et 150 000\u20ac pour la pr\u00e9vention du trafic de drogues chez les mineurs, il nous para\u00eet \u00e9vident que ces sommes devraient \u00eatre invers\u00e9es pour mettre les moyens l\u00e0 o\u00f9 ils seront les plus efficaces, avec des effets p\u00e9rennes.\u00a0<\/p>\n\n\n\n<p>Nous voterons contre cette d\u00e9lib\u00e9ration.<\/p>\n","protected":false},"excerpt":{"rendered":"<p>Par Ga\u00ebtan CONSTANT Vous connaissez d\u00e9j\u00e0 notre position et notre vote sur ce sujet, pour faire honneur \u00e0 l&#8217;adjoint \u00e0 la s\u00e9curit\u00e9 je ferai court. Je rappelle aux villeurbannaises et villeurbannais que cette d\u00e9lib\u00e9ration acte une demande \u00e0 l&#8217;Etat de 500 000\u20ac pour des cam\u00e9ras de surveillance, ce qui porte l&#8217;investissement total \u00e0 plus de&#8230;<\/p>\n","protected":false},"author":1,"featured_media":0,"comment_status":"open","ping_status":"open","sticky":false,"template":"","format":"standard","meta":[],"categories":[192,7],"tags":[184],"_links":{"self":[{"href":"https:\/\/villeurbanne-insoumise-ensemble.fr\/index.php?rest_route=\/wp\/v2\/posts\/1977"}],"collection":[{"href":"https:\/\/villeurbanne-insoumise-ensemble.fr\/index.php?rest_route=\/wp\/v2\/posts"}],"about":[{"href":"https:\/\/villeurbanne-insoumise-ensemble.fr\/index.php?rest_route=\/wp\/v2\/types\/post"}],"author":[{"embeddable":true,"href":"https:\/\/villeurbanne-insoumise-ensemble.fr\/index.php?rest_route=\/wp\/v2\/users\/1"}],"replies":[{"embeddable":true,"href":"https:\/\/villeurbanne-insoumise-ensemble.fr\/index.php?rest_route=%2Fwp%2Fv2%2Fcomments&post=1977"}],"version-history":[{"count":1,"href":"https:\/\/villeurbanne-insoumise-ensemble.fr\/index.php?rest_route=\/wp\/v2\/posts\/1977\/revisions"}],"predecessor-version":[{"id":1978,"href":"https:\/\/villeurbanne-insoumise-ensemble.fr\/index.php?rest_route=\/wp\/v2\/posts\/1977\/revisions\/1978"}],"wp:attachment":[{"href":"https:\/\/villeurbanne-insoumise-ensemble.fr\/index.php?rest_route=%2Fwp%2Fv2%2Fmedia&parent=1977"}],"wp:term":[{"taxonomy":"category","embeddable":true,"href":"https:\/\/villeurbanne-insoumise-ensemble.fr\/index.php?rest_route=%2Fwp%2Fv2%2Fcategories&post=1977"},{"taxonomy":"post_tag","embeddable":true,"href":"https:\/\/villeurbanne-insoumise-ensemble.fr\/index.php?rest_route=%2Fwp%2Fv2%2Ftags&post=1977"}],"curies":[{"name":"wp","href":"https:\/\/api.w.org\/{rel}","templated":true}]}}