{"id":1975,"date":"2024-11-21T10:18:35","date_gmt":"2024-11-21T09:18:35","guid":{"rendered":"https:\/\/villeurbanne-insoumise-ensemble.fr\/?p=1975"},"modified":"2024-11-21T10:18:37","modified_gmt":"2024-11-21T09:18:37","slug":"les-quartiers-populaires-de-villeurbanne-meritent-notre-ambition","status":"publish","type":"post","link":"https:\/\/villeurbanne-insoumise-ensemble.fr\/?p=1975","title":{"rendered":"Les quartiers populaires de Villeurbanne m\u00e9ritent notre ambition"},"content":{"rendered":"\n<p><em>Par Mathieu GARABEDIAN<\/em><\/p>\n\n\n\n<figure class=\"wp-block-embed is-type-video is-provider-youtube wp-block-embed-youtube wp-embed-aspect-16-9 wp-has-aspect-ratio\"><div class=\"wp-block-embed__wrapper\">\n<iframe loading=\"lazy\" title=\"Mathieu GARABEDIAN - Les quartiers populaires de Villeurbanne m\u00e9ritent notre ambition\" width=\"640\" height=\"360\" src=\"https:\/\/www.youtube.com\/embed\/gOO650bZ33c?feature=oembed\" frameborder=\"0\" allow=\"accelerometer; autoplay; clipboard-write; encrypted-media; gyroscope; picture-in-picture; web-share\" referrerpolicy=\"strict-origin-when-cross-origin\" allowfullscreen><\/iframe>\n<\/div><\/figure>\n\n\n\n<p>J&#8217;ai le plaisir de vous pr\u00e9senter cette convention locale d&#8217;application qui, sous son nom barbare, est le travail de plusieurs mois avec les \u00e9quipes politique de la ville, que ce soit au niveau de la ville, de la M\u00e9tropole, de l\u2019\u00c9tat, et de toutes les institutions qui ont travaill\u00e9 avec nous sur ce dossier.<\/p>\n\n\n\n<p>Le contrat de ville est un document un peu technique qui permet d&#8217;annoncer les objets de travail et les enjeux qu&#8217;on m\u00e8ne sur les quartiers dits \u00ab&nbsp;prioritaires&nbsp;\u00bb au titre de la politique de la ville.<\/p>\n\n\n\n<p>L&#8217;ancien contrat qui avait \u00e9t\u00e9 sign\u00e9 en 2014 et devait finir autour de 2020 a \u00e9t\u00e9 prolong\u00e9 de 3-4 ann\u00e9es, ce qui nous a permis d&#8217;abord de faire plusieurs phases de bilan, de discuter avec les habitants, avec les associations, avec les partenaires institutionnels de ces questions. On a eu un temps assez int\u00e9ressant avec la M\u00e9tropole qui avait organis\u00e9 les Assises des quartiers populaires.<\/p>\n\n\n\n<p>Pour la ville de Villeurbanne, on avait tenu \u00e0 organiser la th\u00e9matique de l&#8217;acc\u00e8s aux droits sociaux et aux services publics qui s&#8217;\u00e9tait tenue au CCVA, ce qui a port\u00e9 un fil rouge tr\u00e8s fort pour notre convention locale d&#8217;application qui est l&#8217;\u00e9galit\u00e9 r\u00e9elle et la lutte contre toutes les formes de discriminations.<\/p>\n\n\n\n<p>Donc cette convention locale c&#8217;est la d\u00e9clinaison de ce qui est travaill\u00e9 au niveau m\u00e9tropolitain d\u00e9j\u00e0, avec un enjeu central pour le contrat de ville m\u00e9tropolitain qui est la mobilisation des politiques publiques. C&#8217;est un sujet qu&#8217;on fait vraiment n\u00f4tre \u00e0 Villeurbanne, on est tr\u00e8s int\u00e9ress\u00e9s. On porte la question du fait que les politiques publiques, le droit commun, doit s&#8217;appliquer sur les quartiers populaires autant que sur les autres quartiers \u00e0 situation comparable \u00e9videmment, et avoir des moyens suppl\u00e9mentaires dans des situations particuli\u00e8res et sur des sujets qu&#8217;on peut travailler.<\/p>\n\n\n\n<p>Il y a un travail qui est fait pour garantir l&#8217;acc\u00e8s effectif aux droits sociaux et une r\u00e9elle \u00e9galit\u00e9 de traitement sur la question des discriminations. On va \u00e9videmment regarder les discriminations crois\u00e9es. C&#8217;est une mani\u00e8re de rentrer plus finement dans le travail qu&#8217;on veut mener, que ce soit sur les questions de classes sociales, de genre, ou d&#8217;origine r\u00e9elle ou suppos\u00e9e. Et bien d&#8217;autres, on a pu en parler tout \u00e0 l&#8217;heure avec Agathe FORT. Et \u00e9videmment, de pouvoir en discuter avec les habitants mais surtout de pouvoir rendre compte aupr\u00e8s des habitants et leur permettre de se mobiliser, m\u00eame avoir la possibilit\u00e9 de faire des recours lorsqu&#8217;ils peuvent constater que cette \u00e9galit\u00e9 n&#8217;est pas effective.<\/p>\n\n\n\n<p>Je disais qu&#8217;on a l&#8217;enjeu de la mobilisation des politiques publiques de droit commun. C\u2019est un travail de longue haleine avec toutes les directions de la ville, les directions de la M\u00e9tropole, avec les diff\u00e9rents partenaires institutionnels, que d&#8217;aller \u00e0 chaque fois travailler sur leur politique de droit commun. Quand on va aller d\u00e9tecter des sujets \u00e0 transformer, l&#8217;enjeu \u00e7a va \u00eatre de discuter avec eux sur comment on transforme leur politique publique et les pratiques institutionnelles sur les probl\u00e8mes d\u00e9tect\u00e9s.<\/p>\n\n\n\n<p>Pour faire toutes ces choses on a tout un tas de th\u00e9matiques qui sont \u00e0 travailler. Il y a beaucoup d&#8217;engagement. On a eu l&#8217;occasion de le regarder dans un pr\u00e9c\u00e9dent conseil municipal au niveau m\u00e9tropolitain, dans le contrat de ville m\u00e9tropolitain. Nous, on a essay\u00e9 de s&#8217;attarder sur 15 engagements en particulier qu&#8217;on a r\u00e9partis sur 5 axes que je vais vous lire, avec la question de l&#8217;\u00e9galit\u00e9 r\u00e9elle et de la lutte contre les discriminations comme fil rouge et des priorit\u00e9s qu&#8217;on a essay\u00e9 de travailler avec mon coll\u00e8gue Lotfi DEBBECHE, que je salue par ailleurs pour le travail men\u00e9 avec moi, sur la question de la lutte contre la pauvret\u00e9, puisque c&#8217;est le crit\u00e8re central qui permet de d\u00e9terminer qu&#8217;un quartier est prioritaire ou pas, et la question de la jeunesse . C&#8217;est un sujet qui nous importe \u00e0 toutes et tous je crois, et qui est vraiment ce qu&#8217;on a essay\u00e9 de mener dans chaque engagement, de regarder sous ces deux aspects comment on pouvait travailler la question.<\/p>\n\n\n\n<p>Je vous lis rapidement les cinq axes pour les pr\u00e9senter&nbsp;:<\/p>\n\n\n\n<ul><li>Axe 1- L\u2019\u00e9galit\u00e9 d\u2019acc\u00e8s \u00e0 l\u2019offre \u00e9ducative, culturelle et sportive, notamment pour les enfants et les adolescent.es en situation de pauvret\u00e9<\/li><li>Axe 2- L\u2019\u00e9galit\u00e9 d\u2019acc\u00e8s \u00e0 l\u2019emploi, notamment en s\u00e9curisant l\u2019entr\u00e9e des jeunes gens sur le march\u00e9 du travail<\/li><li>Axe 3- L\u2019\u00e9galit\u00e9 territoriale d\u2019acc\u00e8s aux droits sociaux notamment pour les personnes en situation de pauvret\u00e9<\/li><li>Axe 4- L\u2019\u00e9galit\u00e9 d\u2019acc\u00e8s pour toutes et tous \u00e0 un environnement sans danger<\/li><li>Axe 5- L\u2019\u00e9galit\u00e9 des capacit\u00e9s d\u2019action individuelle et collective des citoyen.nes<\/li><\/ul>\n\n\n\n<p>Vous trouverez \u00e9galement dans la CLA une pr\u00e9sentation synth\u00e9tique des projets urbains puisque \u00e7a fait \u00e9galement partie des enjeux li\u00e9s \u00e0 la politique de la ville. Ils sont travaill\u00e9s sur Villeurbanne avec quasiment un projet sur tous les quartiers prioritaires. On est aussi tr\u00e8s contents de l&#8217;engagement sur les politiques urbaines qui est men\u00e9 sur les quartiers populaires.<\/p>\n\n\n\n<p>Pour terminer, ces quinze engagements on les a discut\u00e9s avec les habitants, les associations, les partenaires. On les a pr\u00e9sent\u00e9s il y a quelques semaines pour leur dire comment on les avait \u00e9crits. Et on va \u00e9videmment rendre compte et continuer \u00e0 les discuter avec ces m\u00eames acteurs. Une fois par an, on va essayer de tenir des r\u00e9unions dans chaque quartier comme on en a eu l&#8217;habitude de le faire, pour pr\u00e9senter l&#8217;avanc\u00e9e de ces engagements. Une nouveaut\u00e9 qui \u00e9tait apparue et dont on avait discut\u00e9 dans le contrat de ville m\u00e9tropolitain \u00e9tait la question de la revoyure \u00e0 mi-parcours, qui sera r\u00e9alis\u00e9e \u00e0 Villeurbanne aussi et qui nous permettra de discuter des avanc\u00e9es de tous ces engagements, qui sont ambitieux et qui sont exigeants mais que les quartiers populaires de Villeurbanne m\u00e9ritent.<\/p>\n","protected":false},"excerpt":{"rendered":"<p>Par Mathieu GARABEDIAN J&#8217;ai le plaisir de vous pr\u00e9senter cette convention locale d&#8217;application qui, sous son nom barbare, est le travail de plusieurs mois avec les \u00e9quipes politique de la ville, que ce soit au niveau de la ville, de la M\u00e9tropole, de l\u2019\u00c9tat, et de toutes les institutions qui ont travaill\u00e9 avec nous sur&#8230;<\/p>\n","protected":false},"author":1,"featured_media":0,"comment_status":"open","ping_status":"open","sticky":false,"template":"","format":"standard","meta":[],"categories":[192,7],"tags":[108,180],"_links":{"self":[{"href":"https:\/\/villeurbanne-insoumise-ensemble.fr\/index.php?rest_route=\/wp\/v2\/posts\/1975"}],"collection":[{"href":"https:\/\/villeurbanne-insoumise-ensemble.fr\/index.php?rest_route=\/wp\/v2\/posts"}],"about":[{"href":"https:\/\/villeurbanne-insoumise-ensemble.fr\/index.php?rest_route=\/wp\/v2\/types\/post"}],"author":[{"embeddable":true,"href":"https:\/\/villeurbanne-insoumise-ensemble.fr\/index.php?rest_route=\/wp\/v2\/users\/1"}],"replies":[{"embeddable":true,"href":"https:\/\/villeurbanne-insoumise-ensemble.fr\/index.php?rest_route=%2Fwp%2Fv2%2Fcomments&post=1975"}],"version-history":[{"count":1,"href":"https:\/\/villeurbanne-insoumise-ensemble.fr\/index.php?rest_route=\/wp\/v2\/posts\/1975\/revisions"}],"predecessor-version":[{"id":1976,"href":"https:\/\/villeurbanne-insoumise-ensemble.fr\/index.php?rest_route=\/wp\/v2\/posts\/1975\/revisions\/1976"}],"wp:attachment":[{"href":"https:\/\/villeurbanne-insoumise-ensemble.fr\/index.php?rest_route=%2Fwp%2Fv2%2Fmedia&parent=1975"}],"wp:term":[{"taxonomy":"category","embeddable":true,"href":"https:\/\/villeurbanne-insoumise-ensemble.fr\/index.php?rest_route=%2Fwp%2Fv2%2Fcategories&post=1975"},{"taxonomy":"post_tag","embeddable":true,"href":"https:\/\/villeurbanne-insoumise-ensemble.fr\/index.php?rest_route=%2Fwp%2Fv2%2Ftags&post=1975"}],"curies":[{"name":"wp","href":"https:\/\/api.w.org\/{rel}","templated":true}]}}