{"id":1973,"date":"2024-11-21T10:15:53","date_gmt":"2024-11-21T09:15:53","guid":{"rendered":"https:\/\/villeurbanne-insoumise-ensemble.fr\/?p=1973"},"modified":"2024-11-21T10:40:25","modified_gmt":"2024-11-21T09:40:25","slug":"ilot-vert-un-projet-dagriculture-urbaine-denvergure","status":"publish","type":"post","link":"https:\/\/villeurbanne-insoumise-ensemble.fr\/?p=1973","title":{"rendered":"\u00celot Vert : un projet d&#8217;agriculture urbaine d&#8217;envergure"},"content":{"rendered":"\n<p><em>Par Morgane GUILLAS<\/em><\/p>\n\n\n\n<figure class=\"wp-block-embed is-type-video is-provider-youtube wp-block-embed-youtube wp-embed-aspect-16-9 wp-has-aspect-ratio\"><div class=\"wp-block-embed__wrapper\">\n<iframe loading=\"lazy\" title=\"Morgane GUILLAS - \u00celot Vert un projet d&#039;agriculture urbaine d&#039;envergure\" width=\"640\" height=\"360\" src=\"https:\/\/www.youtube.com\/embed\/eTdOD6QkGUE?feature=oembed\" frameborder=\"0\" allow=\"accelerometer; autoplay; clipboard-write; encrypted-media; gyroscope; picture-in-picture; web-share\" referrerpolicy=\"strict-origin-when-cross-origin\" allowfullscreen><\/iframe>\n<\/div><\/figure>\n\n\n\n<p><em><strong>Pr\u00e9sentation de la d\u00e9lib\u00e9ration<\/strong><\/em><\/p>\n\n\n\n<p>Je souhaite vous pr\u00e9senter rapidement ce rapport qui aide un projet d&#8217;agriculture urbaine d&#8217;envergure \u00e0 se d\u00e9ployer sur notre ville.<\/p>\n\n\n\n<p>L&#8217;alimentation est un sujet qui touche tout le monde, tous les villeurbannais et villeurbannaises, habitants, habitantes, habiteuses et habiteurs, qui participe \u00e0 notre bonne sant\u00e9 quand on voit la part des maladies mondiales en lien avec l&#8217;alimentation.<br><br>Diff\u00e9rents groupes des Nations Unies, membres de la Coalition d&#8217;action pour une alimentation saine ont fait remarquer que plus de trois milliards de personnes n&#8217;ont pas les moyens d&#8217;avoir une alimentation saine et que les mauvaises habitudes alimentaires sont li\u00e9es \u00e0 six des dix principaux facteurs de risque de la charge mondiale de morbidit\u00e9. On voit donc la grande importance de ce sujet.<br><br>L&#8217;agriculture urbaine permet en effet de faire des liens avec l&#8217;alimentation et la production. Elle permet aussi de faire des liens entre les agriculteurs et les consommateurs. Elle permet une alimentation qui est locale et durable, de la sensibilisation, de la p\u00e9dagogie, de l&#8217;\u00e9cologie et d&#8217;augmenter aussi le pouvoir d&#8217;achat.<\/p>\n\n\n\n<p>Le projet d&#8217;agriculture urbaine de l\u2019\u00celot vert \u00e0 Saint-Jean d\u00e9m\u00e9nage suite au passage du tramway T9. Cette contrainte est devenue une belle opportunit\u00e9 avec l&#8217;agrandissement de la surface d\u00e9di\u00e9e \u00e0 ce projet pour les cultures, le d\u00e9veloppement de nouvelles facettes pour toujours augmenter les surfaces de productions, les liens avec le quartier, l&#8217;ancrage qu&#8217;il peut avoir.<br><br>Je citerai par exemple l&#8217;organisation d&#8217;ateliers de sensibilisation en lien avec l&#8217;agriculture et l&#8217;alimentation locale ; la vente de fruits et l\u00e9gumes bio \u00e0 des tarifs raisonn\u00e9s sur place, l&#8217;ouverture du lieu pour des habitants et des associations du quartier pour permettre d&#8217;avoir plus de salles et de lieux o\u00f9 pour r\u00e9unir, ou encore la cr\u00e9ation de plusieurs emplois locaux et non d\u00e9localisables via Territoire z\u00e9ro ch\u00f4meurs longue dur\u00e9e et son entreprise Emerjean.<\/p>\n\n\n\n<p>Je suis heureuse que la ville soutienne le d\u00e9veloppement de ce projet et son d\u00e9m\u00e9nagement qui n&#8217;est pas simple \u00e0 organiser mais qui permettra une mise en production d\u00e8s le printemps prochain et une ouverture au public \u00e0 l&#8217;\u00e9t\u00e9 2025. Les \u00e9quipes du c\u00f4t\u00e9 du Booster sont mobilis\u00e9es et tr\u00e8s engag\u00e9es sur ce projet, je les remercie encore tout comme les services c\u00f4t\u00e9 ville qui suivent le projet. Merci \u00e0 tous pour ce travail et la qualit\u00e9 de ce travail. L&#8217;ANRU, qui est un des trois partenaires publics \u00e0 financer ce projet suite \u00e0 l&#8217;appel \u00e0 projet Quartiers Fertiles avec la M\u00e9tropole de Lyon et Villeurbanne, est pass\u00e9e leur rendre visite il y a quelques temps et a soulign\u00e9 \u00e9galement l&#8217;engagement de l&#8217;\u00e9quipe au vu de la complexit\u00e9 du projet et de ses enjeux forts qui sont port\u00e9s. Quand on sait le nombre de projets d&#8217;agriculture urbaine qu&#8217;ils soutiennent, c&#8217;est une vraie fiert\u00e9 d&#8217;avoir leurs f\u00e9licitations pour les \u00e9quipes.<\/p>\n\n\n\n<p>J&#8217;esp\u00e8re que vous voterez cette subvention et me tiens \u00e0 disposition s&#8217;il y a des questions.<\/p>\n\n\n\n<p><em><strong>Prise de parole apr\u00e8s les interventions<\/strong><\/em><\/p>\n\n\n\n<p>Sur les questions par rapport au niveau de production et \u00e0 la quantit\u00e9 de l\u00e9gumes produits, oui je partage que sur la phase d&#8217;exp\u00e9rimentation, dans un sol pollu\u00e9, avec des contraintes uniquement en hors-sol, la production a \u00e9t\u00e9 relativement faible. C&#8217;est bien l&#8217;objectif avec ce d\u00e9m\u00e9nagement de s&#8217;en saisir comme d&#8217;une opportunit\u00e9 puisqu&#8217;en plus d&#8217;augmenter drastiquement les surfaces, il y aura aussi de la pleine terre, et en fait quasiment que de la pleine terre, ce qui va permettre de pouvoir avoir une quantit\u00e9 beaucoup plus grande de produits qui vont sortir et pousser. C&#8217;est bien l&#8217;objectif.<\/p>\n\n\n\n<p>La pollution est un vrai enjeu en ville et elle contraint beaucoup les projets d&#8217;agriculture urbaine. On sait que sur ce d\u00e9m\u00e9nagement \u00e7a a \u00e9t\u00e9 l&#8217;un de nos points de grande vigilance. C\u2019est pour \u00e7a que le projet a pris autant de temps, parce qu&#8217;il aurait d\u00fb d\u00e9m\u00e9nager sur un autre espace qui, lui, \u00e9tait trop pollu\u00e9 pour permettre ce genre de plantations \u00e0 vis\u00e9e comestible. C&#8217;est vraiment une grande vigilance de notre part, et le fait de pouvoir augmenter la quantit\u00e9 de production l&#8217;est \u00e9galement.<\/p>\n\n\n\n<p>En ce qui concerne l&#8217;empreinte carbone du projet et du d\u00e9m\u00e9nagement, je crois qu&#8217;en termes d&#8217;exemplarit\u00e9, sur ce projet d&#8217;agriculture urbaine, on peut difficilement faire mieux. On passe d&#8217;une rue \u00e0 une autre, il y a vraiment un p\u00e2t\u00e9 de maisons entre les deux. En plus de \u00e7a, ce sont des serres qui sont r\u00e9employ\u00e9es, r\u00e9utilis\u00e9es, et l\u00e0 qui sont de nouveau r\u00e9utilis\u00e9es. On r\u00e9utilise aussi la salle avec un \u00e9quipement qui \u00e9tait sur l&#8217;espace juste en face de la mairie des Gratte-Ciel, \u00ab&nbsp;Le Pays&nbsp;\u00bb, qui est en bois-terre-paille et qui permet d&#8217;accueillir les locaux de ce projet L&#8217;\u00celot Vert et la future salle d&#8217;activit\u00e9s pour les associations et les acteurs du quartier, parce qu&#8217;elle sera mise \u00e0 disposition et ouverte.<\/p>\n\n\n\n<p>Je tiens \u00e0 porter une vigilance aussi sur l&#8217;agriculture urbaine de mani\u00e8re g\u00e9n\u00e9rale. Quand on regarde des rapports g\u00e9n\u00e9riques, qu&#8217;ils soient nationaux ou mondiaux, et qu&#8217;on fait des moyennes, il y a des types d&#8217;agricultures urbaines qui sont vraiment tr\u00e8s tr\u00e8s diff\u00e9rentes. Je parle d&#8217;agriculture urbaine \u00ab&nbsp;tech&nbsp;\u00bb, qui sont ultra consommatrices en bilan carbone et par contre qui vont \u00eatre aussi des projets qui seront locaux. Nous avons fait le choix \u00e0 Villeurbanne de ne pas du tout soutenir ce type d&#8217;agriculture l\u00e0 et de se concentrer sur des agricultures urbaines en lien avec ce qu&#8217;on pourrait qualifier d&#8217;agro\u00e9cologie. En tout cas pas de sur-technique qui ferait qu&#8217;on contr\u00f4le la lumi\u00e8re, on contr\u00f4le l&#8217;arrosage, on contr\u00f4le la qualit\u00e9 du sol <em>via<\/em> un substrat et rien de vivant \u00e0 part ce qui essaye de pousser r\u00e9sulte de ce type d&#8217;agriculture l\u00e0. Et donc je pense que les effets de bords peuvent \u00eatre tr\u00e8s grands quand on fait des moyennes qui comparent des projets d&#8217;agriculture urbaine technophiles et des projets d&#8217;agriculture urbaine, on pourrait dire, plus <em>low-tech<\/em> comme celui de l&#8217;\u00celot Vert qui sont tout ce qu&#8217;il y a de plus naturel et \u00e9cologique dans le cycle et le respect qu&#8217;il y a de la plante.<\/p>\n","protected":false},"excerpt":{"rendered":"<p>Par Morgane GUILLAS Pr\u00e9sentation de la d\u00e9lib\u00e9ration Je souhaite vous pr\u00e9senter rapidement ce rapport qui aide un projet d&#8217;agriculture urbaine d&#8217;envergure \u00e0 se d\u00e9ployer sur notre ville. L&#8217;alimentation est un sujet qui touche tout le monde, tous les villeurbannais et villeurbannaises, habitants, habitantes, habiteuses et habiteurs, qui participe \u00e0 notre bonne sant\u00e9 quand on voit&#8230;<\/p>\n","protected":false},"author":1,"featured_media":0,"comment_status":"open","ping_status":"open","sticky":false,"template":"","format":"standard","meta":[],"categories":[192,7],"tags":[194,182],"_links":{"self":[{"href":"https:\/\/villeurbanne-insoumise-ensemble.fr\/index.php?rest_route=\/wp\/v2\/posts\/1973"}],"collection":[{"href":"https:\/\/villeurbanne-insoumise-ensemble.fr\/index.php?rest_route=\/wp\/v2\/posts"}],"about":[{"href":"https:\/\/villeurbanne-insoumise-ensemble.fr\/index.php?rest_route=\/wp\/v2\/types\/post"}],"author":[{"embeddable":true,"href":"https:\/\/villeurbanne-insoumise-ensemble.fr\/index.php?rest_route=\/wp\/v2\/users\/1"}],"replies":[{"embeddable":true,"href":"https:\/\/villeurbanne-insoumise-ensemble.fr\/index.php?rest_route=%2Fwp%2Fv2%2Fcomments&post=1973"}],"version-history":[{"count":2,"href":"https:\/\/villeurbanne-insoumise-ensemble.fr\/index.php?rest_route=\/wp\/v2\/posts\/1973\/revisions"}],"predecessor-version":[{"id":1983,"href":"https:\/\/villeurbanne-insoumise-ensemble.fr\/index.php?rest_route=\/wp\/v2\/posts\/1973\/revisions\/1983"}],"wp:attachment":[{"href":"https:\/\/villeurbanne-insoumise-ensemble.fr\/index.php?rest_route=%2Fwp%2Fv2%2Fmedia&parent=1973"}],"wp:term":[{"taxonomy":"category","embeddable":true,"href":"https:\/\/villeurbanne-insoumise-ensemble.fr\/index.php?rest_route=%2Fwp%2Fv2%2Fcategories&post=1973"},{"taxonomy":"post_tag","embeddable":true,"href":"https:\/\/villeurbanne-insoumise-ensemble.fr\/index.php?rest_route=%2Fwp%2Fv2%2Ftags&post=1973"}],"curies":[{"name":"wp","href":"https:\/\/api.w.org\/{rel}","templated":true}]}}