{"id":1971,"date":"2024-11-21T10:13:14","date_gmt":"2024-11-21T09:13:14","guid":{"rendered":"https:\/\/villeurbanne-insoumise-ensemble.fr\/?p=1971"},"modified":"2024-11-21T10:13:16","modified_gmt":"2024-11-21T09:13:16","slug":"pour-une-securite-sociale-de-la-mort","status":"publish","type":"post","link":"https:\/\/villeurbanne-insoumise-ensemble.fr\/?p=1971","title":{"rendered":"Pour une s\u00e9curit\u00e9 sociale de la mort"},"content":{"rendered":"\n<p><em>Par Julien RAVELLO<\/em><\/p>\n\n\n\n<figure class=\"wp-block-embed is-type-video is-provider-youtube wp-block-embed-youtube wp-embed-aspect-16-9 wp-has-aspect-ratio\"><div class=\"wp-block-embed__wrapper\">\n<iframe loading=\"lazy\" title=\"Julien RAVELLO - Pour la s\u00e9curit\u00e9 sociale de la mort\" width=\"640\" height=\"360\" src=\"https:\/\/www.youtube.com\/embed\/yr1FmbCg4NA?feature=oembed\" frameborder=\"0\" allow=\"accelerometer; autoplay; clipboard-write; encrypted-media; gyroscope; picture-in-picture; web-share\" referrerpolicy=\"strict-origin-when-cross-origin\" allowfullscreen><\/iframe>\n<\/div><\/figure>\n\n\n\n<p>Les deux d\u00e9lib\u00e9rations qui nous sont pr\u00e9sent\u00e9es \u00e9voquent un sujet dont nous parlons peu : la mort. Et pourtant la mort fait partie int\u00e9grante de la vie.&nbsp;<\/p>\n\n\n\n<p>Tout au long de sa vie justement, un ouvrier, une aide \u00e0 domicile aura lutt\u00e9 pour la gagner et mourra en g\u00e9n\u00e9ral bien avant un ou une cadre sup\u00e9rieur. Mais les in\u00e9galit\u00e9s ne s\u2019arr\u00eatent pas l\u00e0, puisque la mort et le syst\u00e8me fun\u00e9raire sont devenus un v\u00e9ritable march\u00e9 sur lequel des entreprises (parfois d\u00e9tenues par des fonds de pension) prosp\u00e8rent. Aujourd\u2019hui, le co\u00fbt moyen des obs\u00e8ques est de 3 800 euros, selon UFC-Que Choisir, et les prix n\u2019ont cess\u00e9 d\u2019augmenter : 56 % depuis la loi Sueur de 1993, soit deux fois et demie plus vite que l\u2019inflation.&nbsp;<\/p>\n\n\n\n<p>Pour proposer une alternative publique et accessible, les villes de Lyon et Villeurbanne ont d\u00e9cid\u00e9 de cr\u00e9er le syndicat des Pompes Fun\u00e8bres Intercommunales de l&#8217;Agglom\u00e9ration Lyonnaise (PFIAL) puis la Soci\u00e9t\u00e9 Publique Locale des pompes fun\u00e8bres. C\u2019est une bonne chose et cela permet \u00e0 des familles modestes de b\u00e9n\u00e9ficier de solutions plus accessibles. Mais nous devons faire attention \u00e0 ce que cette soci\u00e9t\u00e9 n\u2019adopte pas les comportements de ses concurrents. Pr\u00e9sent\u00e9e au d\u00e9part comme une alternative aux op\u00e9rateurs priv\u00e9s, le PFIAL a parfois \u00e9t\u00e9 critiqu\u00e9 pour avoir repris les codes du secteur marchand, avec ses primes \u00e0 la performance et objectifs sur le chiffre d\u2019affaires.&nbsp;<\/p>\n\n\n\n<p>D\u2019autres initiatives \u00e9mergent du c\u00f4t\u00e9 de l\u2019\u00e9conomie sociale et solidaire, avec des structures \u00e0 but non lucratif comme les soci\u00e9t\u00e9s coop\u00e9rative d\u2019int\u00e9r\u00eat collectif (SCIC). Le Kiff, alliance inter-territoriale de 10 accompagnateurs des innovations sociales, a lanc\u00e9 le programme \u00ab Epilogue \u00bb pour changer notre regard sur la mort et accompagner le d\u00e9veloppement d\u2019innovation sociale qui agit pour les personnes endeuill\u00e9es, le fun\u00e9raire inclusif et la fin de vie.<\/p>\n\n\n\n<p>Ces initiatives sont essentielles, mais d\u2019autres solutions existent et avaient \u00e9t\u00e9 m\u00eame imagin\u00e9es lors de la cr\u00e9ation de la S\u00e9curit\u00e9 sociale en 1945. Chacun et chacune sait que la disparition d&#8217;un proche est une \u00e9preuve qui pr\u00e9dispose \u00e0 l&#8217;ins\u00e9curit\u00e9. Il est tr\u00e8s difficile de comparer les prix dans un moment pareil, ce dont les entreprises du priv\u00e9 profitent largement. Parce que les endeuill\u00e9\u00b7es ne sont pas des clients comme les autres, et parce la mort n&#8217;est pas un choix, les fun\u00e9railles devraient \u00eatre totalement prises en charge par la soci\u00e9t\u00e9. C&#8217;est d&#8217;ailleurs la proposition du collectif &#8220;Une chose Commune &#8211; Pour la s\u00e9curit\u00e9 sociale de la mort&#8221;.<\/p>\n\n\n\n<p>Ainsi, une S\u00e9curit\u00e9 sociale couvrant le d\u00e9c\u00e8s, par la cotisation, l\u2019universalisation, l\u2019automatisation des aides existantes et une assistance administrative gratuite aux familles, permettrait d\u2019abolir la logique de rentabilit\u00e9 pour les agents fun\u00e9raires, et redonnerait du sens \u00e0 leur travail. Comme cela existe d\u00e9j\u00e0 dans le secteur de la sant\u00e9, le conventionnement des entreprises par les caisses g\u00e9r\u00e9es paritairement par les agents et les familles, permettrait aussi la prise en compte de la pr\u00e9occupation \u00e9cologique. Pour les vivants, ce serait la garantie que leur mort ne sera pas une charge financi\u00e8re en plus de la charge \u00e9motionnelle pour leur famille. Pour les endeuill\u00e9\u00b7es, riches comme pauvres, ce serait le soulagement de pouvoir donner des fun\u00e9railles dignes. Autant de perspectives de solidarit\u00e9 dans les circonstances les plus fun\u00e8bres.<\/p>\n\n\n\n<p>En attendant la 6\u00e8me branche de la s\u00e9curit\u00e9 sociale couvrant le d\u00e9c\u00e8s, nous voterons pour ces d\u00e9lib\u00e9rations.<\/p>\n","protected":false},"excerpt":{"rendered":"<p>Par Julien RAVELLO Les deux d\u00e9lib\u00e9rations qui nous sont pr\u00e9sent\u00e9es \u00e9voquent un sujet dont nous parlons peu : la mort. Et pourtant la mort fait partie int\u00e9grante de la vie.&nbsp; Tout au long de sa vie justement, un ouvrier, une aide \u00e0 domicile aura lutt\u00e9 pour la gagner et mourra en g\u00e9n\u00e9ral bien avant un&#8230;<\/p>\n","protected":false},"author":1,"featured_media":0,"comment_status":"open","ping_status":"open","sticky":false,"template":"","format":"standard","meta":[],"categories":[192,7],"tags":[43,180],"_links":{"self":[{"href":"https:\/\/villeurbanne-insoumise-ensemble.fr\/index.php?rest_route=\/wp\/v2\/posts\/1971"}],"collection":[{"href":"https:\/\/villeurbanne-insoumise-ensemble.fr\/index.php?rest_route=\/wp\/v2\/posts"}],"about":[{"href":"https:\/\/villeurbanne-insoumise-ensemble.fr\/index.php?rest_route=\/wp\/v2\/types\/post"}],"author":[{"embeddable":true,"href":"https:\/\/villeurbanne-insoumise-ensemble.fr\/index.php?rest_route=\/wp\/v2\/users\/1"}],"replies":[{"embeddable":true,"href":"https:\/\/villeurbanne-insoumise-ensemble.fr\/index.php?rest_route=%2Fwp%2Fv2%2Fcomments&post=1971"}],"version-history":[{"count":1,"href":"https:\/\/villeurbanne-insoumise-ensemble.fr\/index.php?rest_route=\/wp\/v2\/posts\/1971\/revisions"}],"predecessor-version":[{"id":1972,"href":"https:\/\/villeurbanne-insoumise-ensemble.fr\/index.php?rest_route=\/wp\/v2\/posts\/1971\/revisions\/1972"}],"wp:attachment":[{"href":"https:\/\/villeurbanne-insoumise-ensemble.fr\/index.php?rest_route=%2Fwp%2Fv2%2Fmedia&parent=1971"}],"wp:term":[{"taxonomy":"category","embeddable":true,"href":"https:\/\/villeurbanne-insoumise-ensemble.fr\/index.php?rest_route=%2Fwp%2Fv2%2Fcategories&post=1971"},{"taxonomy":"post_tag","embeddable":true,"href":"https:\/\/villeurbanne-insoumise-ensemble.fr\/index.php?rest_route=%2Fwp%2Fv2%2Ftags&post=1971"}],"curies":[{"name":"wp","href":"https:\/\/api.w.org\/{rel}","templated":true}]}}