{"id":1966,"date":"2024-11-21T10:08:46","date_gmt":"2024-11-21T09:08:46","guid":{"rendered":"https:\/\/villeurbanne-insoumise-ensemble.fr\/?p=1966"},"modified":"2024-11-21T10:11:42","modified_gmt":"2024-11-21T09:11:42","slug":"quest-ce-quetre-citoyen%c2%b7ne","status":"publish","type":"post","link":"https:\/\/villeurbanne-insoumise-ensemble.fr\/?p=1966","title":{"rendered":"Qu&#8217;est-ce qu&#8217;\u00eatre citoyen\u00b7ne ?"},"content":{"rendered":"\n<p><em>Par Aurore GORRIQUER<\/em><\/p>\n\n\n\n<figure class=\"wp-block-embed is-type-video is-provider-youtube wp-block-embed-youtube wp-embed-aspect-16-9 wp-has-aspect-ratio\"><div class=\"wp-block-embed__wrapper\">\n<iframe loading=\"lazy\" title=\"Aurore GORRIQUER - Qu&#039;est ce qu&#039;\u00eatre citoyen\u00b7ne ?\" width=\"640\" height=\"360\" src=\"https:\/\/www.youtube.com\/embed\/TLdLnd9fadU?feature=oembed\" frameborder=\"0\" allow=\"accelerometer; autoplay; clipboard-write; encrypted-media; gyroscope; picture-in-picture; web-share\" referrerpolicy=\"strict-origin-when-cross-origin\" allowfullscreen><\/iframe>\n<\/div><\/figure>\n\n\n\n<p>Une fois de plus, les groupes de la majorit\u00e9 remercient chaleureusement les membres de l&#8217;Assembl\u00e9e pour leur travail. Voir l&#8217;Assembl\u00e9e citoyenne travailler sur le concept de citoyennet\u00e9, voil\u00e0 qui ne manque pas de sel ! Cette mise en abyme offre de belles perspectives. Cela permet de continuer \u00e0 questionner ce qu&#8217;on entend par \u00ab \u00eatre citoyen \u00bb.&nbsp;<\/p>\n\n\n\n<p>C&#8217;est notable dans le rapport, qui convoque et met en lien les notions de droits, devoirs, respect de la loi, \u00e9galit\u00e9, imp\u00f4ts, fraternit\u00e9, ou encore R\u00e9publique.<\/p>\n\n\n\n<p>Impossible de r\u00e9sumer en 2 minutes toutes les r\u00e9flexions. Nous retiendrons ceci : pour qu&#8217;un \u00eatre humain puisse pleinement exercer sa citoyennet\u00e9, il faut des biens communs d\u00e9fendus par les autorit\u00e9s publiques gr\u00e2ce aux institutions, mais aussi par les individus. Par le vote, la loi, la manifestation, des associations, peu importe : nous sommes toutes et tous li\u00e9\u00b7es par la construction et la pr\u00e9servation de ce bien commun et de ce vivre-ensemble.&nbsp;<\/p>\n\n\n\n<p>D&#8217;ailleurs, davantage que le vivre-ensemble, nous pourrions parler de \u00ab faire-ensemble \u00bb \u00bb ; un faire-ensemble qui nous lie au monde et par lequel nous faisons soci\u00e9t\u00e9 d&#8217;une fa\u00e7on bien plus transformatrice que par la soci\u00e9t\u00e9 de consommation.<\/p>\n\n\n\n<p>L&#8217;Assembl\u00e9e a bien not\u00e9 que la citoyennet\u00e9 locale est v\u00e9cue plus concr\u00e8tement par les villeurbannaises et villeurbannais. C&#8217;est une piste \u00e0 creuser pour mieux mettre en valeur notre carte de citoyennet\u00e9 locale.&nbsp;<\/p>\n\n\n\n<p>Ce 4e rapport, c&#8217;est enfin une belle mise en abyme du r\u00f4le de l&#8217;Assembl\u00e9e Citoyenne : celles et ceux qui s&#8217;interrogent sur ce qu&#8217;est \u00eatre citoyenne et citoyen sont eux et elles-m\u00eames engag\u00e9\u00b7es dans les affaires de la cit\u00e9. En cela, nous ne pouvons que soutenir leur proposition suivante, qui permettrait de faire participer plus largement et de mieux repr\u00e9senter l&#8217;ensemble des habiteurs et habiteuses, je cite : \u00ab <em>\u00c9largir le r\u00f4le de l\u2019Assembl\u00e9e Citoyenne de Villeurbanne \u00e0 celui de \u00ab relais de la citoyennet\u00e9 \u00bb (porteur d\u2019actions et de d\u00e9bats, n\u2019ayant pas pour unique vocation le traitement de sollicitation) \u00bb.<\/em><\/p>\n","protected":false},"excerpt":{"rendered":"<p>Par Aurore GORRIQUER Une fois de plus, les groupes de la majorit\u00e9 remercient chaleureusement les membres de l&#8217;Assembl\u00e9e pour leur travail. Voir l&#8217;Assembl\u00e9e citoyenne travailler sur le concept de citoyennet\u00e9, voil\u00e0 qui ne manque pas de sel ! Cette mise en abyme offre de belles perspectives. Cela permet de continuer \u00e0 questionner ce qu&#8217;on entend&#8230;<\/p>\n","protected":false},"author":1,"featured_media":0,"comment_status":"open","ping_status":"open","sticky":false,"template":"","format":"standard","meta":[],"categories":[192,7],"tags":[36],"_links":{"self":[{"href":"https:\/\/villeurbanne-insoumise-ensemble.fr\/index.php?rest_route=\/wp\/v2\/posts\/1966"}],"collection":[{"href":"https:\/\/villeurbanne-insoumise-ensemble.fr\/index.php?rest_route=\/wp\/v2\/posts"}],"about":[{"href":"https:\/\/villeurbanne-insoumise-ensemble.fr\/index.php?rest_route=\/wp\/v2\/types\/post"}],"author":[{"embeddable":true,"href":"https:\/\/villeurbanne-insoumise-ensemble.fr\/index.php?rest_route=\/wp\/v2\/users\/1"}],"replies":[{"embeddable":true,"href":"https:\/\/villeurbanne-insoumise-ensemble.fr\/index.php?rest_route=%2Fwp%2Fv2%2Fcomments&post=1966"}],"version-history":[{"count":2,"href":"https:\/\/villeurbanne-insoumise-ensemble.fr\/index.php?rest_route=\/wp\/v2\/posts\/1966\/revisions"}],"predecessor-version":[{"id":1970,"href":"https:\/\/villeurbanne-insoumise-ensemble.fr\/index.php?rest_route=\/wp\/v2\/posts\/1966\/revisions\/1970"}],"wp:attachment":[{"href":"https:\/\/villeurbanne-insoumise-ensemble.fr\/index.php?rest_route=%2Fwp%2Fv2%2Fmedia&parent=1966"}],"wp:term":[{"taxonomy":"category","embeddable":true,"href":"https:\/\/villeurbanne-insoumise-ensemble.fr\/index.php?rest_route=%2Fwp%2Fv2%2Fcategories&post=1966"},{"taxonomy":"post_tag","embeddable":true,"href":"https:\/\/villeurbanne-insoumise-ensemble.fr\/index.php?rest_route=%2Fwp%2Fv2%2Ftags&post=1966"}],"curies":[{"name":"wp","href":"https:\/\/api.w.org\/{rel}","templated":true}]}}