{"id":194,"date":"2021-06-07T11:27:57","date_gmt":"2021-06-07T09:27:57","guid":{"rendered":"http:\/\/villeurbanne-insoumise-ensemble.fr\/?p=194"},"modified":"2023-11-22T15:53:14","modified_gmt":"2023-11-22T14:53:14","slug":"marine-le-pen-lautre-candidate-des-riches","status":"publish","type":"post","link":"https:\/\/villeurbanne-insoumise-ensemble.fr\/?p=194","title":{"rendered":"Marine Le Pen: l\u2019autre candidate des riches"},"content":{"rendered":"\n<figure class=\"wp-block-image size-large\"><img loading=\"lazy\" width=\"1024\" height=\"565\" src=\"http:\/\/villeurbanne-insoumise-ensemble.fr\/wp-content\/uploads\/2021\/06\/ruffin_mlp-1024x565.png\" alt=\"\" class=\"wp-image-195\" srcset=\"https:\/\/villeurbanne-insoumise-ensemble.fr\/wp-content\/uploads\/2021\/06\/ruffin_mlp-1024x565.png 1024w, https:\/\/villeurbanne-insoumise-ensemble.fr\/wp-content\/uploads\/2021\/06\/ruffin_mlp-300x166.png 300w, https:\/\/villeurbanne-insoumise-ensemble.fr\/wp-content\/uploads\/2021\/06\/ruffin_mlp-768x424.png 768w, https:\/\/villeurbanne-insoumise-ensemble.fr\/wp-content\/uploads\/2021\/06\/ruffin_mlp.png 1200w\" sizes=\"(max-width: 1024px) 100vw, 1024px\" \/><\/figure>\n\n\n\n<p>En 2011, h\u00e9ritant du Front national, Marine Le Pen menait au son du clairon un &#8220;virage social&#8221;. Dix ans plus tard, elle op\u00e8re un discret &#8220;looping lib\u00e9ral&#8221; : rassurer les portefeuilles. Plongeant dans les tracts et les programmes, Fran\u00e7ois Ruffin retrace cinquante ans de discours \u00e9conomique du Front national. O\u00f9 le mot &#8220;in\u00e9galit\u00e9s&#8221;, par exemple, n&#8217;est jamais prononc\u00e9.&nbsp;&nbsp;<\/p>\n\n\n\n<p><br>Avec Fakir ils ont d\u00e9cid\u00e9 d&#8217;imprimer un tract et de mener campagne sur &#8220;L&#8217;autre candidate des riches&#8221;.&nbsp;Notre groupe politique Villeurbanne Insoumise Ensemble! soutient cette d\u00e9marche et a d\u00e9cid\u00e9 de verser <strong>1112\u20ac pour cette campagne.<\/strong><br>Nous aiderons dans les prochains mois \u00e0 la diffusion de cette campagne, en esp\u00e9rant que les id\u00e9es mortif\u00e8res de l\u2019extr\u00eame droite ne passeront jamais dans notre pays.<\/p>\n\n\n\n<p><br>Nous invitons \u00e9galement un maximum de personnes \u00e0 l&#8217;appel de 60 organisations \u00e0 se rendre \u00e0 <strong>la marche pour les libert\u00e9s et contre les id\u00e9es d\u2019extr\u00eame-droite le 12 juin 2021 dans toute la France, le 13 juin \u00e0 Villeurbanne.<\/strong><\/p>\n\n\n\n<p><br><strong>Sources <\/strong>:&nbsp;&nbsp;&nbsp;<\/p>\n\n\n\n<p>Article Mediapart Marine Le Pen: l\u2019autre candidate des riches : <a href=\"https:\/\/blogs.mediapart.fr\/ruffin-francois\/blog\/210521\/marine-le-pen-l-autre-candidate-des-riches\">https:\/\/blogs.mediapart.fr\/ruffin-francois\/blog\/210521\/marine-le-pen-l-autre-candidate-des-riches<\/a>&nbsp;&nbsp;&nbsp; <\/p>\n\n\n\n<p>Vid\u00e9o de Fran\u00e7ois Ruffin sur la campagne : <a href=\"https:\/\/www.youtube.com\/watch?v=UKHWVzHr2FU\">https:\/\/www.youtube.com\/watch?v=UKHWVzHr2FU<\/a>&nbsp;&nbsp;&nbsp; <\/p>\n\n\n\n<p>Pot commun de soutien \u00e0 la campagne : <a href=\"https:\/\/www.lepotcommun.fr\/pot\/tbfggoss\">https:\/\/www.lepotcommun.fr\/pot\/tbfggoss<\/a>&nbsp;&nbsp;&nbsp; <\/p>\n\n\n\n<p>Marche pour les libert\u00e9s et contre les id\u00e9es d\u2019extr\u00eame-droite : <a href=\"https:\/\/lafranceinsoumise.fr\/2021\/05\/20\/appel-au-12-juin-pour-les-libertes-et-contre-les-idees-dextreme-droite\/\">https:\/\/lafranceinsoumise.fr\/2021\/05\/20\/appel-au-12-juin-pour-les-libertes-et-contre-les-idees-dextreme-droite\/<\/a><\/p>\n","protected":false},"excerpt":{"rendered":"<p>En 2011, h\u00e9ritant du Front national, Marine Le Pen menait au son du clairon un &#8220;virage social&#8221;. Dix ans plus tard, elle op\u00e8re un discret &#8220;looping lib\u00e9ral&#8221; : rassurer les portefeuilles. Plongeant dans les tracts et les programmes, Fran\u00e7ois Ruffin retrace cinquante ans de discours \u00e9conomique du Front national. O\u00f9 le mot &#8220;in\u00e9galit\u00e9s&#8221;, par exemple,&#8230;<\/p>\n","protected":false},"author":1,"featured_media":0,"comment_status":"open","ping_status":"open","sticky":false,"template":"","format":"standard","meta":[],"categories":[5,1],"tags":[36,87],"_links":{"self":[{"href":"https:\/\/villeurbanne-insoumise-ensemble.fr\/index.php?rest_route=\/wp\/v2\/posts\/194"}],"collection":[{"href":"https:\/\/villeurbanne-insoumise-ensemble.fr\/index.php?rest_route=\/wp\/v2\/posts"}],"about":[{"href":"https:\/\/villeurbanne-insoumise-ensemble.fr\/index.php?rest_route=\/wp\/v2\/types\/post"}],"author":[{"embeddable":true,"href":"https:\/\/villeurbanne-insoumise-ensemble.fr\/index.php?rest_route=\/wp\/v2\/users\/1"}],"replies":[{"embeddable":true,"href":"https:\/\/villeurbanne-insoumise-ensemble.fr\/index.php?rest_route=%2Fwp%2Fv2%2Fcomments&post=194"}],"version-history":[{"count":3,"href":"https:\/\/villeurbanne-insoumise-ensemble.fr\/index.php?rest_route=\/wp\/v2\/posts\/194\/revisions"}],"predecessor-version":[{"id":198,"href":"https:\/\/villeurbanne-insoumise-ensemble.fr\/index.php?rest_route=\/wp\/v2\/posts\/194\/revisions\/198"}],"wp:attachment":[{"href":"https:\/\/villeurbanne-insoumise-ensemble.fr\/index.php?rest_route=%2Fwp%2Fv2%2Fmedia&parent=194"}],"wp:term":[{"taxonomy":"category","embeddable":true,"href":"https:\/\/villeurbanne-insoumise-ensemble.fr\/index.php?rest_route=%2Fwp%2Fv2%2Fcategories&post=194"},{"taxonomy":"post_tag","embeddable":true,"href":"https:\/\/villeurbanne-insoumise-ensemble.fr\/index.php?rest_route=%2Fwp%2Fv2%2Ftags&post=194"}],"curies":[{"name":"wp","href":"https:\/\/api.w.org\/{rel}","templated":true}]}}