{"id":1927,"date":"2024-10-09T09:51:11","date_gmt":"2024-10-09T07:51:11","guid":{"rendered":"https:\/\/villeurbanne-insoumise-ensemble.fr\/?p=1927"},"modified":"2024-10-09T09:51:12","modified_gmt":"2024-10-09T07:51:12","slug":"nos-bibliotheques-sont-desormais-gratuites","status":"publish","type":"post","link":"https:\/\/villeurbanne-insoumise-ensemble.fr\/?p=1927","title":{"rendered":"Nos biblioth\u00e8ques sont d\u00e9sormais gratuites !"},"content":{"rendered":"\n<p><em>Par Aurore GORRIQUER<\/em><\/p>\n\n\n\n<figure class=\"wp-block-embed is-type-video is-provider-youtube wp-block-embed-youtube wp-embed-aspect-16-9 wp-has-aspect-ratio\"><div class=\"wp-block-embed__wrapper\">\n<iframe loading=\"lazy\" title=\"Aurore GORRIQUER - Nos biblioth\u00e8ques sont d\u00e9sormais gratuites !\" width=\"640\" height=\"360\" src=\"https:\/\/www.youtube.com\/embed\/y_gM-dgk0B4?feature=oembed\" frameborder=\"0\" allow=\"accelerometer; autoplay; clipboard-write; encrypted-media; gyroscope; picture-in-picture; web-share\" referrerpolicy=\"strict-origin-when-cross-origin\" allowfullscreen><\/iframe>\n<\/div><\/figure>\n\n\n\n<p>Pour commencer, une citation : \u00ab <em>Le personnel des biblioth\u00e8ques [\u2026] s&#8217;engage dans ses fonctions \u00e0 pr\u00e9coniser la gratuit\u00e9 de l\u2019inscription, pour un partage universel des ressources culturelles et \u00e9ducatives <\/em>\u00bb.<\/p>\n\n\n\n<p>Depuis le 1er septembre, les agentes et agents de Villeurbanne peuvent appliquer cette recommandation du code de d\u00e9ontologie des biblioth\u00e9caires. Cette gratuit\u00e9, c&#8217;est pour nous une \u00e9tape tr\u00e8s importante pour permettre \u00e0 toutes et tous d&#8217;acc\u00e9der \u00e0 nos biblioth\u00e8ques. Nous esp\u00e9rons (et c&#8217;est visiblement bien parti !) que notre nombre d&#8217;abonn\u00e9\u00b7es suivra l&#8217;augmentation minimale de 5% pr\u00e9vue par l&#8217;Association des biblioth\u00e9caires de France lorsqu&#8217;on passe \u00e0 la gratuit\u00e9, voire m\u00eame qu&#8217;elle atteindra les plus de 40% connues \u00e0 la ville du Mans !<\/p>\n\n\n\n<p>C&#8217;\u00e9tait l&#8217;une des barri\u00e8res \u00e0 faire tomber pour offrir \u00e0 tous et toutes les m\u00eames chances d&#8217;acc\u00e9der \u00e0 toutes les cultures, sans hi\u00e9rarchisations, des livres en passant par les mangas ou encore les jeux vid\u00e9o. Ce n&#8217;est n\u00e9anmoins pas la seule. Nous devons continuer nos efforts pour faire sortir la culture des mus\u00e9es, des biblioth\u00e8ques, pour que les arts rencontrent leur public dans son quotidien, comme nous le faisons avec les Minimix et les Invites.&nbsp;<\/p>\n\n\n\n<p>Instaurer la gratuit\u00e9 c&#8217;est tr\u00e8s concret, mais c&#8217;est aussi symbolique : c&#8217;est dire que les services publics doivent fournir \u00e0 chacune et chacun les services n\u00e9cessaires \u00e0 la dignit\u00e9 humaine. Cette gratuit\u00e9, c&#8217;est celle du mod\u00e8le de la S\u00e9curit\u00e9 Sociale, que nous voudrions universel : un financement collectif des besoins de toutes et tous. Se soigner bien s\u00fbr, s&#8217;\u00e9duquer, mais aussi manger gratuitement \u00e0 la cantine, ou se d\u00e9placer collectivement et gratuitement. J&#8217;en profite pour faire un clin d\u2019\u0153il \u00e0 nos coll\u00e8gues m\u00e9tropolitains puisque dans quelques mois, nous verrons nos premiers m\u00e8tres cubes d&#8217;eau gratuits \u00e0 Villeurbanne et dans le reste de la M\u00e9tropole : encore un pas vers plus de justice sociale.<\/p>\n\n\n\n<p>La gratuit\u00e9 n&#8217;est pas une lubie : elle fait partie d&#8217;un mod\u00e8le plus large o\u00f9 tout le monde voit ses besoins premiers satisfaits sans conditions et surtout, sans avoir \u00e0 se justifier. Elle est radicalement diff\u00e9rente des tarifs sociaux qui exigent de leurs b\u00e9n\u00e9ficiaires des papiers, du temps, et parfois de la honte. Les tarifs sociaux posent aussi le probl\u00e8me de ceux qui n&#8217;y ont pas forc\u00e9ment acc\u00e8s pour des questions de droits non \u00e0 jour ou \u00e0 cause de situations trop particuli\u00e8res, encore plus quand ils sont soumis \u00e0 des droits tr\u00e8s pr\u00e9cis comme le RSA, CMUC plut\u00f4t que le quotient familial ou le revenu fiscal de r\u00e9f\u00e9rence.&nbsp; Avec la gratuit\u00e9, tout le monde est trait\u00e9 de fa\u00e7on \u00e9gale et personne n&#8217;est mis de c\u00f4t\u00e9.<\/p>\n\n\n\n<p>C&#8217;est donc avec enthousiasme que nous voterons pour cette d\u00e9lib\u00e9ration, en esp\u00e9rant que les villeurbannais et villeurbannaises profiterons encore plus de leurs biblioth\u00e8ques !&nbsp;<\/p>\n","protected":false},"excerpt":{"rendered":"<p>Par Aurore GORRIQUER Pour commencer, une citation : \u00ab Le personnel des biblioth\u00e8ques [\u2026] s&#8217;engage dans ses fonctions \u00e0 pr\u00e9coniser la gratuit\u00e9 de l\u2019inscription, pour un partage universel des ressources culturelles et \u00e9ducatives \u00bb. Depuis le 1er septembre, les agentes et agents de Villeurbanne peuvent appliquer cette recommandation du code de d\u00e9ontologie des biblioth\u00e9caires. Cette&#8230;<\/p>\n","protected":false},"author":1,"featured_media":0,"comment_status":"open","ping_status":"open","sticky":false,"template":"","format":"standard","meta":[],"categories":[1],"tags":[54,43],"_links":{"self":[{"href":"https:\/\/villeurbanne-insoumise-ensemble.fr\/index.php?rest_route=\/wp\/v2\/posts\/1927"}],"collection":[{"href":"https:\/\/villeurbanne-insoumise-ensemble.fr\/index.php?rest_route=\/wp\/v2\/posts"}],"about":[{"href":"https:\/\/villeurbanne-insoumise-ensemble.fr\/index.php?rest_route=\/wp\/v2\/types\/post"}],"author":[{"embeddable":true,"href":"https:\/\/villeurbanne-insoumise-ensemble.fr\/index.php?rest_route=\/wp\/v2\/users\/1"}],"replies":[{"embeddable":true,"href":"https:\/\/villeurbanne-insoumise-ensemble.fr\/index.php?rest_route=%2Fwp%2Fv2%2Fcomments&post=1927"}],"version-history":[{"count":1,"href":"https:\/\/villeurbanne-insoumise-ensemble.fr\/index.php?rest_route=\/wp\/v2\/posts\/1927\/revisions"}],"predecessor-version":[{"id":1928,"href":"https:\/\/villeurbanne-insoumise-ensemble.fr\/index.php?rest_route=\/wp\/v2\/posts\/1927\/revisions\/1928"}],"wp:attachment":[{"href":"https:\/\/villeurbanne-insoumise-ensemble.fr\/index.php?rest_route=%2Fwp%2Fv2%2Fmedia&parent=1927"}],"wp:term":[{"taxonomy":"category","embeddable":true,"href":"https:\/\/villeurbanne-insoumise-ensemble.fr\/index.php?rest_route=%2Fwp%2Fv2%2Fcategories&post=1927"},{"taxonomy":"post_tag","embeddable":true,"href":"https:\/\/villeurbanne-insoumise-ensemble.fr\/index.php?rest_route=%2Fwp%2Fv2%2Ftags&post=1927"}],"curies":[{"name":"wp","href":"https:\/\/api.w.org\/{rel}","templated":true}]}}