{"id":1921,"date":"2024-10-09T09:37:47","date_gmt":"2024-10-09T07:37:47","guid":{"rendered":"https:\/\/villeurbanne-insoumise-ensemble.fr\/?p=1921"},"modified":"2024-10-09T09:37:49","modified_gmt":"2024-10-09T07:37:49","slug":"un-plan-pour-les-droits-des-lgbtqia","status":"publish","type":"post","link":"https:\/\/villeurbanne-insoumise-ensemble.fr\/?p=1921","title":{"rendered":"Un plan pour les droits des LGBTQIA+"},"content":{"rendered":"\n<p><em>Par Agathe FORT<\/em><\/p>\n\n\n\n<figure class=\"wp-block-embed is-type-video is-provider-youtube wp-block-embed-youtube wp-embed-aspect-16-9 wp-has-aspect-ratio\"><div class=\"wp-block-embed__wrapper\">\n<iframe loading=\"lazy\" title=\"Agathe FORT - Un plan pour les droits des LGBTQIA+\" width=\"640\" height=\"360\" src=\"https:\/\/www.youtube.com\/embed\/86rgDUnBvm0?feature=oembed\" frameborder=\"0\" allow=\"accelerometer; autoplay; clipboard-write; encrypted-media; gyroscope; picture-in-picture; web-share\" referrerpolicy=\"strict-origin-when-cross-origin\" allowfullscreen><\/iframe>\n<\/div><\/figure>\n\n\n\n<p>Je voulais vous rappeler que ce plan local pour l\u2019\u00e9galit\u00e9, contre la haine et les discriminations anti-LGBTI+phobes vient \u00e0 l\u2019origine d\u2019une augmentation des violences LGBTIphobes sur le territoire de la M\u00e9tropole. C\u2019est pourquoi la pr\u00e9fecture ainsi que l\u2019ensemble des structures qui fa\u00e7onnent notre soci\u00e9t\u00e9 se sont r\u00e9unies pour faire un plan d\u2019action pour lutter contre ces violences.<\/p>\n\n\n\n<p>Alors \u00e7a lutte de fa\u00e7on directe, en accompagnant les victimes, en les aidant \u00e0 porter plainte, et en favorisant un syst\u00e8me de justice qui soit juste et qui donc, rende justice aux victimes. Mais \u00e7a traite aussi les causes&nbsp;: tout ce qui est discriminations et stigmatisations.<\/p>\n\n\n\n<p>Ces fa\u00e7ons de lutter contre les violences s\u2019attelaient \u00e0 toucher tous les domaines de la vie des personnes concern\u00e9es. On voit l\u2019int\u00e9r\u00eat de ce plan qui est arriv\u00e9 \u00e0 son terme&nbsp;; et donc l\u00e0, je vous demande de valider cette d\u00e9lib\u00e9ration afin que monsieur le Maire puisse signer ce plan local.<\/p>\n\n\n\n<p>Je vais quand m\u00eame \u00e9mettre quelques petites critiques sur ce plan. Dans ce contexte national qui est extr\u00eamement inqui\u00e9tant \u2013 je ne vous parlerai pas de la mont\u00e9e de l\u2019extr\u00eame-droite, je crois que tout le monde ici est au courant \u2013 qui est extr\u00eamement dangereuse pour les personnes LGBTQIA+. Et puis un gouvernement dont la moiti\u00e9 de ses repr\u00e9sentants \u00e9taient pr\u00e9sents \u00e0 la \u00ab&nbsp;Manif pour tous&nbsp;\u00bb, on voit bien donc leurs orientations politiques quant aux droits des personnes LGBTQIA+.<\/p>\n\n\n\n<p>Ce plan a toujours l\u2019int\u00e9r\u00eat d\u2019avoir l\u2019ambition de travailler sur les causes et sur les in\u00e9galit\u00e9s, les violences concr\u00e8tes. Pour autant, il y a peu d\u2019indicateurs de suivi, les objectifs ne sont pas chiffr\u00e9s, ne sont pas tr\u00e8s clairs, et il y a tr\u00e8s peu de moyens, comme souvent sur ces sujets.<\/p>\n\n\n\n<p>Pour autant, m\u00eame si ce plan est am\u00e9liorable et que j\u2019aurais souhait\u00e9 qu\u2019il soit plus ambitieux dans une action plus concr\u00e8te pour les personnes concern\u00e9es, je pense n\u00e9cessaire que la ville puisse aux c\u00f4t\u00e9s des personnes concern\u00e9es, aux c\u00f4t\u00e9s des associations, continuer \u00e0 lutter contre ces violences pour maintenir la protection des corps et des droits des personnes LGBTQIA+. Donc je vous demande de voter de fa\u00e7on positive cette d\u00e9lib\u00e9ration.<\/p>\n","protected":false},"excerpt":{"rendered":"<p>Par Agathe FORT Je voulais vous rappeler que ce plan local pour l\u2019\u00e9galit\u00e9, contre la haine et les discriminations anti-LGBTI+phobes vient \u00e0 l\u2019origine d\u2019une augmentation des violences LGBTIphobes sur le territoire de la M\u00e9tropole. C\u2019est pourquoi la pr\u00e9fecture ainsi que l\u2019ensemble des structures qui fa\u00e7onnent notre soci\u00e9t\u00e9 se sont r\u00e9unies pour faire un plan d\u2019action&#8230;<\/p>\n","protected":false},"author":1,"featured_media":0,"comment_status":"open","ping_status":"open","sticky":false,"template":"","format":"standard","meta":[],"categories":[1],"tags":[57],"_links":{"self":[{"href":"https:\/\/villeurbanne-insoumise-ensemble.fr\/index.php?rest_route=\/wp\/v2\/posts\/1921"}],"collection":[{"href":"https:\/\/villeurbanne-insoumise-ensemble.fr\/index.php?rest_route=\/wp\/v2\/posts"}],"about":[{"href":"https:\/\/villeurbanne-insoumise-ensemble.fr\/index.php?rest_route=\/wp\/v2\/types\/post"}],"author":[{"embeddable":true,"href":"https:\/\/villeurbanne-insoumise-ensemble.fr\/index.php?rest_route=\/wp\/v2\/users\/1"}],"replies":[{"embeddable":true,"href":"https:\/\/villeurbanne-insoumise-ensemble.fr\/index.php?rest_route=%2Fwp%2Fv2%2Fcomments&post=1921"}],"version-history":[{"count":1,"href":"https:\/\/villeurbanne-insoumise-ensemble.fr\/index.php?rest_route=\/wp\/v2\/posts\/1921\/revisions"}],"predecessor-version":[{"id":1922,"href":"https:\/\/villeurbanne-insoumise-ensemble.fr\/index.php?rest_route=\/wp\/v2\/posts\/1921\/revisions\/1922"}],"wp:attachment":[{"href":"https:\/\/villeurbanne-insoumise-ensemble.fr\/index.php?rest_route=%2Fwp%2Fv2%2Fmedia&parent=1921"}],"wp:term":[{"taxonomy":"category","embeddable":true,"href":"https:\/\/villeurbanne-insoumise-ensemble.fr\/index.php?rest_route=%2Fwp%2Fv2%2Fcategories&post=1921"},{"taxonomy":"post_tag","embeddable":true,"href":"https:\/\/villeurbanne-insoumise-ensemble.fr\/index.php?rest_route=%2Fwp%2Fv2%2Ftags&post=1921"}],"curies":[{"name":"wp","href":"https:\/\/api.w.org\/{rel}","templated":true}]}}