{"id":1909,"date":"2024-10-01T14:51:00","date_gmt":"2024-10-01T12:51:00","guid":{"rendered":"https:\/\/villeurbanne-insoumise-ensemble.fr\/?p=1909"},"modified":"2024-10-07T14:52:37","modified_gmt":"2024-10-07T12:52:37","slug":"les-collectivites-ont-le-dos-large","status":"publish","type":"post","link":"https:\/\/villeurbanne-insoumise-ensemble.fr\/?p=1909","title":{"rendered":"Les collectivit\u00e9s ont le dos large !"},"content":{"rendered":"\n<p>Pointer du doigt les d\u00e9penses des collectivit\u00e9s territoriales pour se d\u00e9douaner de 7 ann\u00e9es de politique de l\u2019offre ? Il semble que le gouvernement \u00ab d\u00e9missionnaire \u00bb ne soit plus \u00e0 un affront pr\u00e8s. C\u2019est en effet la seule excuse qu&#8217;il a trouv\u00e9e pour justifier le d\u00e9ficit qu\u2019il provoque, estim\u00e9 \u00e0 5,6% du PIB en 2024 et 6,2% en 2025 d\u2019apr\u00e8s la direction g\u00e9n\u00e9rale du Tr\u00e9sor.\u00a0<\/p>\n\n\n\n<p>Incriminer les d\u00e9penses n\u00e9cessaires au bon fonctionnement des services publics est irresponsable. Faire porter le chapeau aux collectivit\u00e9s territoriales n&#8217;est pas juste. L&#8217;augmentation du d\u00e9ficit est principalement li\u00e9e \u00e0 la diminution des recettes : entre les cr\u00e9dits d\u2019imp\u00f4ts, niches fiscales et autres exon\u00e9rations, le manque \u00e0 gagner est estim\u00e9 de 150 \u00e0 170 milliards d\u2019euros ! Ces cadeaux fiscaux s\u2019ajoutent \u00e0 la suppression de l\u2019ISF et r\u00e9v\u00e8lent bien une politique destin\u00e9e aux plus riches : en 2017, les 500 plus grandes fortunes fran\u00e7aises poss\u00e9daient 25% du PIB ; 6 ans plus tard, leur fortune continue d\u2019exploser \u00e0 46% de la richesse nationale !&nbsp;<\/p>\n\n\n\n<p>Pour maintenir la destruction de l\u2019\u00c9tat social et des services publics, B. Le Maire d\u00e9missionnaire-mais-toujours-en-poste pr\u00e9voit une cure d\u2019aust\u00e9rit\u00e9 dans des services publics (sant\u00e9, \u00e9cologie, sport\u2026) d\u00e9j\u00e0 exsangues. En tant que collectivit\u00e9, nous en ressentons d\u00e9j\u00e0 les effets : nos financements sont toujours plus d\u00e9pendants de l\u2019\u00c9tat, qui supprime petit \u00e0 petit les imp\u00f4ts locaux en les compensant. Mais ces compensations (taxe d\u2019habitation, CVAE\u2026) ne sont que partielles et gr\u00e8vent le budget de la ville. L\u2019\u00c9tat refuse par ailleurs d\u2019indexer sur l\u2019inflation une des principales recettes de la ville : la dotation globale de fonctionnement.<\/p>\n\n\n\n<p>Pourtant nous, collectivit\u00e9s, sommes en premi\u00e8re ligne pour faire face \u00e0 la paup\u00e9risation et aux effets concrets du changement climatique. Plut\u00f4t que de nous discr\u00e9diter et de bloquer nos investissements, le gouvernement devrait les encourager en augmentant les recettes fiscales n\u00e9cessaires aux investissements de demain.&nbsp;<\/p>\n","protected":false},"excerpt":{"rendered":"<p>Pointer du doigt les d\u00e9penses des collectivit\u00e9s territoriales pour se d\u00e9douaner de 7 ann\u00e9es de politique de l\u2019offre ? Il semble que le gouvernement \u00ab d\u00e9missionnaire \u00bb ne soit plus \u00e0 un affront pr\u00e8s. C\u2019est en effet la seule excuse qu&#8217;il a trouv\u00e9e pour justifier le d\u00e9ficit qu\u2019il provoque, estim\u00e9 \u00e0 5,6% du PIB en&#8230;<\/p>\n","protected":false},"author":1,"featured_media":0,"comment_status":"open","ping_status":"open","sticky":false,"template":"","format":"standard","meta":[],"categories":[191,8,17],"tags":[84,43],"_links":{"self":[{"href":"https:\/\/villeurbanne-insoumise-ensemble.fr\/index.php?rest_route=\/wp\/v2\/posts\/1909"}],"collection":[{"href":"https:\/\/villeurbanne-insoumise-ensemble.fr\/index.php?rest_route=\/wp\/v2\/posts"}],"about":[{"href":"https:\/\/villeurbanne-insoumise-ensemble.fr\/index.php?rest_route=\/wp\/v2\/types\/post"}],"author":[{"embeddable":true,"href":"https:\/\/villeurbanne-insoumise-ensemble.fr\/index.php?rest_route=\/wp\/v2\/users\/1"}],"replies":[{"embeddable":true,"href":"https:\/\/villeurbanne-insoumise-ensemble.fr\/index.php?rest_route=%2Fwp%2Fv2%2Fcomments&post=1909"}],"version-history":[{"count":1,"href":"https:\/\/villeurbanne-insoumise-ensemble.fr\/index.php?rest_route=\/wp\/v2\/posts\/1909\/revisions"}],"predecessor-version":[{"id":1910,"href":"https:\/\/villeurbanne-insoumise-ensemble.fr\/index.php?rest_route=\/wp\/v2\/posts\/1909\/revisions\/1910"}],"wp:attachment":[{"href":"https:\/\/villeurbanne-insoumise-ensemble.fr\/index.php?rest_route=%2Fwp%2Fv2%2Fmedia&parent=1909"}],"wp:term":[{"taxonomy":"category","embeddable":true,"href":"https:\/\/villeurbanne-insoumise-ensemble.fr\/index.php?rest_route=%2Fwp%2Fv2%2Fcategories&post=1909"},{"taxonomy":"post_tag","embeddable":true,"href":"https:\/\/villeurbanne-insoumise-ensemble.fr\/index.php?rest_route=%2Fwp%2Fv2%2Ftags&post=1909"}],"curies":[{"name":"wp","href":"https:\/\/api.w.org\/{rel}","templated":true}]}}