{"id":1900,"date":"2024-04-18T16:11:00","date_gmt":"2024-04-18T14:11:00","guid":{"rendered":"https:\/\/villeurbanne-insoumise-ensemble.fr\/?p=1900"},"modified":"2024-09-16T16:14:52","modified_gmt":"2024-09-16T14:14:52","slug":"nous-demandons-la-liberation-de-moustapha","status":"publish","type":"post","link":"https:\/\/villeurbanne-insoumise-ensemble.fr\/?p=1900","title":{"rendered":"Nous demandons la lib\u00e9ration de Moustapha !"},"content":{"rendered":"\n<figure class=\"wp-block-image size-large\"><img loading=\"lazy\" width=\"724\" height=\"1024\" src=\"https:\/\/villeurbanne-insoumise-ensemble.fr\/wp-content\/uploads\/2024\/09\/CP_OQTF-indigne-2-1-724x1024.png\" alt=\"\" class=\"wp-image-1902\" srcset=\"https:\/\/villeurbanne-insoumise-ensemble.fr\/wp-content\/uploads\/2024\/09\/CP_OQTF-indigne-2-1-724x1024.png 724w, https:\/\/villeurbanne-insoumise-ensemble.fr\/wp-content\/uploads\/2024\/09\/CP_OQTF-indigne-2-1-212x300.png 212w, https:\/\/villeurbanne-insoumise-ensemble.fr\/wp-content\/uploads\/2024\/09\/CP_OQTF-indigne-2-1-768x1086.png 768w, https:\/\/villeurbanne-insoumise-ensemble.fr\/wp-content\/uploads\/2024\/09\/CP_OQTF-indigne-2-1-1086x1536.png 1086w, https:\/\/villeurbanne-insoumise-ensemble.fr\/wp-content\/uploads\/2024\/09\/CP_OQTF-indigne-2-1-1448x2048.png 1448w, https:\/\/villeurbanne-insoumise-ensemble.fr\/wp-content\/uploads\/2024\/09\/CP_OQTF-indigne-2-1-300x424.png 300w, https:\/\/villeurbanne-insoumise-ensemble.fr\/wp-content\/uploads\/2024\/09\/CP_OQTF-indigne-2-1-850x1202.png 850w, https:\/\/villeurbanne-insoumise-ensemble.fr\/wp-content\/uploads\/2024\/09\/CP_OQTF-indigne-2-1.png 1654w\" sizes=\"(max-width: 724px) 100vw, 724px\" \/><\/figure>\n","protected":false},"excerpt":{"rendered":"<p>Depuis un mois, Moustapha, un jeune homme de 20 ans \u00e0 l\u2019\u00e9tat de sant\u00e9 fragile, est indignement d\u00e9tenu au Centre de r\u00e9tention administrative de Lyon Saint-Exup\u00e9ry. Alors que sa famille polonaise et lui-m\u00eame se sont rendus vers la France, esp\u00e9rant y subir moins de racisme et que Moustapha puisse b\u00e9n\u00e9ficier de soins adapt\u00e9s, il est d\u00e9sormais menac\u00e9 d\u2019expulsion vers la Guin\u00e9e, o\u00f9 il se retrouvera seul, stigmatis\u00e9, et en grave danger. Nous demandons sa lib\u00e9ration imm\u00e9diate.<\/p>\n","protected":false},"author":1,"featured_media":0,"comment_status":"open","ping_status":"open","sticky":false,"template":"","format":"standard","meta":[],"categories":[20],"tags":[],"_links":{"self":[{"href":"https:\/\/villeurbanne-insoumise-ensemble.fr\/index.php?rest_route=\/wp\/v2\/posts\/1900"}],"collection":[{"href":"https:\/\/villeurbanne-insoumise-ensemble.fr\/index.php?rest_route=\/wp\/v2\/posts"}],"about":[{"href":"https:\/\/villeurbanne-insoumise-ensemble.fr\/index.php?rest_route=\/wp\/v2\/types\/post"}],"author":[{"embeddable":true,"href":"https:\/\/villeurbanne-insoumise-ensemble.fr\/index.php?rest_route=\/wp\/v2\/users\/1"}],"replies":[{"embeddable":true,"href":"https:\/\/villeurbanne-insoumise-ensemble.fr\/index.php?rest_route=%2Fwp%2Fv2%2Fcomments&post=1900"}],"version-history":[{"count":2,"href":"https:\/\/villeurbanne-insoumise-ensemble.fr\/index.php?rest_route=\/wp\/v2\/posts\/1900\/revisions"}],"predecessor-version":[{"id":1904,"href":"https:\/\/villeurbanne-insoumise-ensemble.fr\/index.php?rest_route=\/wp\/v2\/posts\/1900\/revisions\/1904"}],"wp:attachment":[{"href":"https:\/\/villeurbanne-insoumise-ensemble.fr\/index.php?rest_route=%2Fwp%2Fv2%2Fmedia&parent=1900"}],"wp:term":[{"taxonomy":"category","embeddable":true,"href":"https:\/\/villeurbanne-insoumise-ensemble.fr\/index.php?rest_route=%2Fwp%2Fv2%2Fcategories&post=1900"},{"taxonomy":"post_tag","embeddable":true,"href":"https:\/\/villeurbanne-insoumise-ensemble.fr\/index.php?rest_route=%2Fwp%2Fv2%2Ftags&post=1900"}],"curies":[{"name":"wp","href":"https:\/\/api.w.org\/{rel}","templated":true}]}}