{"id":190,"date":"2021-05-01T11:24:00","date_gmt":"2021-05-01T09:24:00","guid":{"rendered":"http:\/\/villeurbanne-insoumise-ensemble.fr\/?p=190"},"modified":"2023-11-22T15:50:15","modified_gmt":"2023-11-22T14:50:15","slug":"soignons-les-soignant%c2%b7e%c2%b7s","status":"publish","type":"post","link":"https:\/\/villeurbanne-insoumise-ensemble.fr\/?p=190","title":{"rendered":"Soignons les soignant\u00b7e\u00b7s !"},"content":{"rendered":"\n<p>Et une, et deux et troisi\u00e8me vague ! Le ressac est d\u00e9finitivement trop fort depuis un an, et d&#8217;autant plus violent que la digue qui aurait pu l&#8217;endiguer ne cesse d&#8217;\u00eatre \u00e9rod\u00e9e.\u00a0<\/p>\n\n\n\n<p>Depuis des ann\u00e9es, les personnels soignants alertent sur l&#8217;\u00e9tat de l&#8217;h\u00f4pital et des \u00e9tablissements de sant\u00e9 publics ; depuis plusieurs mois, les fran\u00e7ais\u00b7es prennent la mesure des effets des politiques d&#8217;aust\u00e9rit\u00e9. Le manque de mat\u00e9riel et celui de personnel ont provoqu\u00e9 du surmenage et des d\u00e9parts. Les augmentations de salaire de certain\u00b7e\u00b7s soignant\u00b7e\u00b7s se sont faites au d\u00e9triment de leurs conditions de travail puisqu&#8217;\u00e0 la rue S\u00e9gur, pour \u00eatre dignement pay\u00e9\u00b7e, il faut remettre en cause ses 35 heures et annualiser son temps de travail.<\/p>\n\n\n\n<p>Depuis des ann\u00e9es, les m\u00e9tiers de la fili\u00e8re m\u00e9dico-sociale sont p\u00e9nalis\u00e9s par le d\u00e9mant\u00e8lement de notre syst\u00e8me de sant\u00e9 public et de nos politiques de solidarit\u00e9, et par une organisation du travail qui mise plus sur l&#8217;efficience que sur la bienveillance. Les auxiliaires de vie sociale, les assistantes maternelles ou les AESH sont le symbole cruel de la pr\u00e9carisation des m\u00e9tiers du soin et des liens. La gr\u00e8ve et les revendications de ces derni\u00e8res en disent d\u2019ailleurs long sur l&#8217;importance accord\u00e9e \u00e0 leur fonction : elles sont sans r\u00e9el statut, \u00e0 mi-temps forc\u00e9, vivant sous le seuil de pauvret\u00e9.<\/p>\n\n\n\n<p>Alors que la pand\u00e9mie r\u00e9v\u00e8le plus que jamais le caract\u00e8re essentiel des professions du soin et du lien, des mesures doivent \u00eatre prises pour am\u00e9liorer leurs conditions de travail, stopper le flot alarmant de d\u00e9missions, et ne pas d\u00e9courager les vocations de nos jeunes. Saluons leur engagement quotidien sans faille en revalorisant leurs salaires sans contreparties, en augmentant le nombre de postes p\u00e9rennes, en r\u00e9novant les lieux de travail, en fournissant le mat\u00e9riel n\u00e9cessaire, en donnant des moyens financiers \u00e0 la hauteur des besoins, &#8230; Soignons les m\u00e9tiers du lien !<\/p>\n","protected":false},"excerpt":{"rendered":"<p>Et une, et deux et troisi\u00e8me vague ! Le ressac est d\u00e9finitivement trop fort depuis un an, et d&#8217;autant plus violent que la digue qui aurait pu l&#8217;endiguer ne cesse d&#8217;\u00eatre \u00e9rod\u00e9e.\u00a0 Depuis des ann\u00e9es, les personnels soignants alertent sur l&#8217;\u00e9tat de l&#8217;h\u00f4pital et des \u00e9tablissements de sant\u00e9 publics ; depuis plusieurs mois, les fran\u00e7ais\u00b7es&#8230;<\/p>\n","protected":false},"author":1,"featured_media":0,"comment_status":"open","ping_status":"open","sticky":false,"template":"","format":"standard","meta":[],"categories":[19,17],"tags":[140,182],"_links":{"self":[{"href":"https:\/\/villeurbanne-insoumise-ensemble.fr\/index.php?rest_route=\/wp\/v2\/posts\/190"}],"collection":[{"href":"https:\/\/villeurbanne-insoumise-ensemble.fr\/index.php?rest_route=\/wp\/v2\/posts"}],"about":[{"href":"https:\/\/villeurbanne-insoumise-ensemble.fr\/index.php?rest_route=\/wp\/v2\/types\/post"}],"author":[{"embeddable":true,"href":"https:\/\/villeurbanne-insoumise-ensemble.fr\/index.php?rest_route=\/wp\/v2\/users\/1"}],"replies":[{"embeddable":true,"href":"https:\/\/villeurbanne-insoumise-ensemble.fr\/index.php?rest_route=%2Fwp%2Fv2%2Fcomments&post=190"}],"version-history":[{"count":1,"href":"https:\/\/villeurbanne-insoumise-ensemble.fr\/index.php?rest_route=\/wp\/v2\/posts\/190\/revisions"}],"predecessor-version":[{"id":191,"href":"https:\/\/villeurbanne-insoumise-ensemble.fr\/index.php?rest_route=\/wp\/v2\/posts\/190\/revisions\/191"}],"wp:attachment":[{"href":"https:\/\/villeurbanne-insoumise-ensemble.fr\/index.php?rest_route=%2Fwp%2Fv2%2Fmedia&parent=190"}],"wp:term":[{"taxonomy":"category","embeddable":true,"href":"https:\/\/villeurbanne-insoumise-ensemble.fr\/index.php?rest_route=%2Fwp%2Fv2%2Fcategories&post=190"},{"taxonomy":"post_tag","embeddable":true,"href":"https:\/\/villeurbanne-insoumise-ensemble.fr\/index.php?rest_route=%2Fwp%2Fv2%2Ftags&post=190"}],"curies":[{"name":"wp","href":"https:\/\/api.w.org\/{rel}","templated":true}]}}