{"id":1898,"date":"2024-09-01T16:03:00","date_gmt":"2024-09-01T14:03:00","guid":{"rendered":"https:\/\/villeurbanne-insoumise-ensemble.fr\/?p=1898"},"modified":"2024-09-16T16:04:36","modified_gmt":"2024-09-16T14:04:36","slug":"pas-de-republique-sans-services-publics","status":"publish","type":"post","link":"https:\/\/villeurbanne-insoumise-ensemble.fr\/?p=1898","title":{"rendered":"Pas de R\u00e9publique sans services publics !"},"content":{"rendered":"\n<p>Une \u00e9ducation (presque) gratuite, un syst\u00e8me de sant\u00e9 accessible, des transports en commun performants : ces services publics font tant partie de notre quotidien qu\u2019on en oublierait \u00e0 quel point ils sont exceptionnellement fragiles. Depuis des d\u00e9cennies, les gouvernements du march\u00e9 \u00ab libre et non fauss\u00e9 \u00bb rivalisent en effet d\u2019imagination pour les d\u00e9truire \u00e0 coup d\u2019aust\u00e9rit\u00e9.\u00a0<\/p>\n\n\n\n<p>Sans services publics, la promesse r\u00e9publicaine d\u2019\u00e9galit\u00e9 est vaine. Si on leur doit encore la moiti\u00e9 de la r\u00e9duction des in\u00e9galit\u00e9s sociales, cette situation se d\u00e9grade : d\u2019apr\u00e8s le collectif \u00ab Nos services publics \u00bb, le reste \u00e0 charge en frais de sant\u00e9 \u00e0 proportion de revenus est trois fois plus \u00e9lev\u00e9 pour les 10% les plus pauvres que pour les 10% les plus riches !<\/p>\n\n\n\n<p>Cette situation n\u2019est pas acceptable. Seuls des services publics pourront r\u00e9pondre aux besoins actuels et futurs, et forment un rempart solide contre les in\u00e9galit\u00e9s et la pauvret\u00e9. Comment pourra-t-on former les citoyen\u00b7es de demain, sans \u00e9cole de qualit\u00e9 partout ? Quelle r\u00e9ponse au vieillissement de la population apportera le secteur priv\u00e9, si ce n\u2019est celle du profit d\u00e9crite dans <em>Les Fossoyeurs<\/em> de Vincent Castanet ? Comment esp\u00e8re-t-on r\u00e9nover les millions d\u2019immeubles et de maisons, sans investissements publics massifs ?<\/p>\n\n\n\n<p>C\u2019est parce que nous pensons que les services publics constituent le c\u0153ur des liens tiss\u00e9s dans notre soci\u00e9t\u00e9 que nous avons choisi d\u2019investir fortement pour les villeurbannais\u00b7es. Nous avons lanc\u00e9 la construction de nouvelles \u00e9coles, parcs, jardins, cr\u00e8ches, \u00e9quipements sportifs, l\u00e0 o\u00f9 le besoin s\u2019en faisait sentir et en discutant avec les habitant\u00b7es. Pour anticiper les bouleversements climatiques en cours, nous investissons dans la r\u00e9novation thermique des b\u00e2timents, la d\u00e9simperm\u00e9abilisation des sols, ou encore des mobilit\u00e9s qui ne sont pas d\u00e9pendantes du p\u00e9trole.<\/p>\n\n\n\n<p>Nous faisons notre part pour maintenir et cr\u00e9er de nouveaux services publics. C\u2019est dor\u00e9navant \u00e0 l\u2019\u00c9tat de faire la sienne !<\/p>\n","protected":false},"excerpt":{"rendered":"<p>Une \u00e9ducation (presque) gratuite, un syst\u00e8me de sant\u00e9 accessible, des transports en commun performants : ces services publics font tant partie de notre quotidien qu\u2019on en oublierait \u00e0 quel point ils sont exceptionnellement fragiles. Depuis des d\u00e9cennies, les gouvernements du march\u00e9 \u00ab libre et non fauss\u00e9 \u00bb rivalisent en effet d\u2019imagination pour les d\u00e9truire \u00e0&#8230;<\/p>\n","protected":false},"author":1,"featured_media":0,"comment_status":"open","ping_status":"open","sticky":false,"template":"","format":"standard","meta":[],"categories":[191,17],"tags":[43],"_links":{"self":[{"href":"https:\/\/villeurbanne-insoumise-ensemble.fr\/index.php?rest_route=\/wp\/v2\/posts\/1898"}],"collection":[{"href":"https:\/\/villeurbanne-insoumise-ensemble.fr\/index.php?rest_route=\/wp\/v2\/posts"}],"about":[{"href":"https:\/\/villeurbanne-insoumise-ensemble.fr\/index.php?rest_route=\/wp\/v2\/types\/post"}],"author":[{"embeddable":true,"href":"https:\/\/villeurbanne-insoumise-ensemble.fr\/index.php?rest_route=\/wp\/v2\/users\/1"}],"replies":[{"embeddable":true,"href":"https:\/\/villeurbanne-insoumise-ensemble.fr\/index.php?rest_route=%2Fwp%2Fv2%2Fcomments&post=1898"}],"version-history":[{"count":1,"href":"https:\/\/villeurbanne-insoumise-ensemble.fr\/index.php?rest_route=\/wp\/v2\/posts\/1898\/revisions"}],"predecessor-version":[{"id":1899,"href":"https:\/\/villeurbanne-insoumise-ensemble.fr\/index.php?rest_route=\/wp\/v2\/posts\/1898\/revisions\/1899"}],"wp:attachment":[{"href":"https:\/\/villeurbanne-insoumise-ensemble.fr\/index.php?rest_route=%2Fwp%2Fv2%2Fmedia&parent=1898"}],"wp:term":[{"taxonomy":"category","embeddable":true,"href":"https:\/\/villeurbanne-insoumise-ensemble.fr\/index.php?rest_route=%2Fwp%2Fv2%2Fcategories&post=1898"},{"taxonomy":"post_tag","embeddable":true,"href":"https:\/\/villeurbanne-insoumise-ensemble.fr\/index.php?rest_route=%2Fwp%2Fv2%2Ftags&post=1898"}],"curies":[{"name":"wp","href":"https:\/\/api.w.org\/{rel}","templated":true}]}}