{"id":1860,"date":"2024-07-03T10:03:36","date_gmt":"2024-07-03T08:03:36","guid":{"rendered":"https:\/\/villeurbanne-insoumise-ensemble.fr\/?p=1860"},"modified":"2024-07-18T09:37:15","modified_gmt":"2024-07-18T07:37:15","slug":"lantisemitisme-est-un-fleau-un-poison","status":"publish","type":"post","link":"https:\/\/villeurbanne-insoumise-ensemble.fr\/?p=1860","title":{"rendered":"L&#8217;antis\u00e9mitisme est un fl\u00e9au, un poison"},"content":{"rendered":"\n<p><em>Par Julien RAVELLO<\/em><\/p>\n\n\n\n<figure class=\"wp-block-embed is-type-video is-provider-youtube wp-block-embed-youtube wp-embed-aspect-16-9 wp-has-aspect-ratio\"><div class=\"wp-block-embed__wrapper\">\n<iframe loading=\"lazy\" title=\"Julien RAVELLO - L&#039;antis\u00e9mitisme est un fl\u00e9au, un poison\" width=\"640\" height=\"360\" src=\"https:\/\/www.youtube.com\/embed\/kU1V5t1XQnA?feature=oembed\" frameborder=\"0\" allow=\"accelerometer; autoplay; clipboard-write; encrypted-media; gyroscope; picture-in-picture; web-share\" referrerpolicy=\"strict-origin-when-cross-origin\" allowfullscreen><\/iframe>\n<\/div><\/figure>\n\n\n\n<p>Comme nous l&#8217;avions fait pour l&#8217;Arm\u00e9nie et l&#8217;Ukraine en 2021 et 2022, et face \u00e0 la gravit\u00e9 de la situation, nous votons ce soir une subvention de 10 000 euros \u00e0 l&#8217;association M\u00e9decins du Monde pour apporter notre soutien aux populations qui subissent la guerre dans les territoires palestiniens. Notre groupe Villeurbanne Insoumise Ensemble! s&#8217;en f\u00e9licite.<\/p>\n\n\n\n<p>Depuis le 7 octobre 2023, en r\u00e9ponse aux crimes de guerre et prises d\u2019otages commis par le Hamas destin\u00e9s \u00e0 semer la terreur, le gouvernement isra\u00e9lien s\u2019est lanc\u00e9 dans une guerre vengeresse et aveugle contre l\u2019ensemble de la population palestinienne. Depuis 9 mois, les bombardements tuent indistinctement civils, enfants, personnels humanitaires et journalistes. Le bilan est effrayant : plus de 37 000 Palestinien\u00b7nes sont mort\u00b7es \u00e0 Gaza et en Cisjordanie, dont 14 000 enfants et 9 000 femmes. Plus de 84 000 personnes auraient \u00e9t\u00e9 bless\u00e9es, dont 12 000 enfants et des milliers d&#8217;autres sont port\u00e9es disparues. Sans compter \u00e9videmment les conditions de vies intol\u00e9rables (absence d&#8217;eau potable et de denr\u00e9es alimentaires) et les destructions des infrastructures scolaires, d&#8217;eau et de sant\u00e9.<\/p>\n\n\n\n<p>Comme nous l&#8217;avions fait dans notre communiqu\u00e9 du 8 avril dernier, nous continuons \u00e0 appeler au cessez-le feu imm\u00e9diat et \u00e0 la lib\u00e9ration des otages. Nous appelons l&#8217;Etat d&#8217;Isra\u00ebl \u00e0 respecter le droit international pour que cessent les actes g\u00e9nocidaires en cours. Nous soutenons le peuple isra\u00e9lien qui manifeste pour d\u00e9noncer cette guerre dont ils ne veulent pas.<\/p>\n\n\n\n<p>Mais tout ne commence pas le 7 octobre. Nous ne pouvons pas dissocier l&#8217;attaque terroriste du Hamas des 75 ann\u00e9es d&#8217;histoire du conflit isra\u00e9lo-palestinien, le blocus de Gaza depuis 17 ans, la construction du mur, la d\u00e9possession des terres, les privations en eau et l\u2019intensification de la colonisation men\u00e9e par l&#8217;Etat d&#8217;Isra\u00ebl.<\/p>\n\n\n\n<p>La solution existe, celle de deux Etats permettant aux peuples isra\u00e9liens et palestiniens de vivre c\u00f4te-\u00e0-c\u00f4te, conform\u00e9ment aux r\u00e9solutions de l&#8217;ONU.<\/p>\n\n\n\n<p>Pourtant, plut\u00f4t que de rappeler cette histoire, une large part du spectre politique, de l&#8217;extr\u00eame-droite au centre, instumentalise cette guerre pour tra\u00eener dans la boue leurs adversaires politiques de gauche. Mais d\u00e9noncer avec force les multiples violations du droit international par l&#8217;Etat d&#8217;Isra\u00ebl depuis 1948, est-ce que c&#8217;est \u00eatre antis\u00e9mite ? Est-ce que d\u00e9noncer la barbarie du gouvernement fanatique d&#8217;extr\u00eame-droite actuel en Isra\u00ebl, c&#8217;est \u00eatre antis\u00e9mite ? &#8220;Les mots ont un sens&#8221; disait le groupe Villeurbanne progressiste dans sa tribune VIVA de novembre 2023 o\u00f9 il exprimait m\u00eame une pr\u00e9tendue \u00ab faillite morale des insoumis \u00bb.<\/p>\n\n\n\n<p>L&#8217;actualit\u00e9 r\u00e9cente et les attaques ignobles et inf\u00e2mes dont nous sommes victimes de la part de certains m\u00e9dias et de nos adversaires politiques nous oblige \u00e0 r\u00e9pondre.<\/p>\n\n\n\n<p>L\u2019antis\u00e9mitisme est un fl\u00e9au, un poison. Une ignominie qui doit \u00eatre combattue avec la plus grande force et une d\u00e9termination implacable. Comme doit l&#8217;\u00eatre toute forme de racisme et de discrimination. C&#8217;est sur cette base que s&#8217;est construite l&#8217;histoire de la gauche et nos mouvements politiques \u00e0 Ensemble! et la France Insoumise notamment : depuis l&#8217;affaire Dreyfus, nous luttons contre toutes les discriminations, pour la justice sociale et l&#8217;\u00e9mancipation.<\/p>\n\n\n\n<p>Cette accusation d&#8217;antis\u00e9mitisme est d\u2019une gravit\u00e9 sans nom. Elle se propage pourtant comme une formule toute faite par nos adversaires qui en ont fait leur unique \u00ab \u00ab argument \u00bb \u00bb dans une bataille haineuse et calomnieuse contre nos mouvements et d\u00e9sormais contre le Nouveau Front Populaire.<\/p>\n\n\n\n<p>Pourtant, jamais un membre de nos organisations n&#8217;a \u00e9t\u00e9 condamn\u00e9 pour antis\u00e9mitisme.&nbsp;<\/p>\n\n\n\n<p>Pourtant, le seul parti ayant \u00e9t\u00e9 fond\u00e9 par des anciens nazis de la wafen SS est le Front National, d\u00e9sormais appel\u00e9 Rassemblement National. Parti dont le fondateur, a qualifi\u00e9 &#8220;les chambres \u00e0 gaz de d\u00e9tails de l&#8217;histoire&#8221;. Parti, enfin, qui a investi de nombreux candidats dont les propos haineux, racistes, complotistes et leur lien affich\u00e9s avec des groupuscules d&#8217;extr\u00eame-droite radicale, refont surfaces ces derniers jours.<\/p>\n\n\n\n<p>Pour finir, la Commission nationale consultative des droits de l\u2019homme (CNCDH), dans son rapport du 27\/06\/2024 sur la lutte contre l&#8217;antis\u00e9mitisme, le racisme et la x\u00e9nophobie, affirmait, chiffres \u00e0 l&#8217;appui, que <em>\u00ab les sympathisants d\u2019extr\u00eame droite restent les plus enclins \u00e0 se montrer d\u2019accord avec les pr\u00e9jug\u00e9s antis\u00e9mites traditionnels \u00bb.<\/em><\/p>\n\n\n\n<p>Notre groupe est donc fier qu&#8217;avec nous, les villeurbannais et villeurbannaises aient d&#8217;avoir \u00e9limin\u00e9 les racistes du RN \u00e0 Villeurbanne lors du 1er tour des \u00e9lections l\u00e9gislatives d&#8217;hier et permis au Nouveau Front Populaire men\u00e9 par Gabriel Amard d&#8217;\u00eatre largement en t\u00eate avec plus de 46% des voix. Mais nous sommes inquiets de la forte pouss\u00e9e du RN au niveau national qui doit \u00eatre combattu dans toutes les circonscriptions o\u00f9 il est en capacit\u00e9 de gagner.&nbsp;<\/p>\n","protected":false},"excerpt":{"rendered":"<p>Par Julien RAVELLO Comme nous l&#8217;avions fait pour l&#8217;Arm\u00e9nie et l&#8217;Ukraine en 2021 et 2022, et face \u00e0 la gravit\u00e9 de la situation, nous votons ce soir une subvention de 10 000 euros \u00e0 l&#8217;association M\u00e9decins du Monde pour apporter notre soutien aux populations qui subissent la guerre dans les territoires palestiniens. Notre groupe Villeurbanne&#8230;<\/p>\n","protected":false},"author":1,"featured_media":0,"comment_status":"open","ping_status":"open","sticky":false,"template":"","format":"standard","meta":[],"categories":[1],"tags":[193,57,180],"_links":{"self":[{"href":"https:\/\/villeurbanne-insoumise-ensemble.fr\/index.php?rest_route=\/wp\/v2\/posts\/1860"}],"collection":[{"href":"https:\/\/villeurbanne-insoumise-ensemble.fr\/index.php?rest_route=\/wp\/v2\/posts"}],"about":[{"href":"https:\/\/villeurbanne-insoumise-ensemble.fr\/index.php?rest_route=\/wp\/v2\/types\/post"}],"author":[{"embeddable":true,"href":"https:\/\/villeurbanne-insoumise-ensemble.fr\/index.php?rest_route=\/wp\/v2\/users\/1"}],"replies":[{"embeddable":true,"href":"https:\/\/villeurbanne-insoumise-ensemble.fr\/index.php?rest_route=%2Fwp%2Fv2%2Fcomments&post=1860"}],"version-history":[{"count":2,"href":"https:\/\/villeurbanne-insoumise-ensemble.fr\/index.php?rest_route=\/wp\/v2\/posts\/1860\/revisions"}],"predecessor-version":[{"id":1887,"href":"https:\/\/villeurbanne-insoumise-ensemble.fr\/index.php?rest_route=\/wp\/v2\/posts\/1860\/revisions\/1887"}],"wp:attachment":[{"href":"https:\/\/villeurbanne-insoumise-ensemble.fr\/index.php?rest_route=%2Fwp%2Fv2%2Fmedia&parent=1860"}],"wp:term":[{"taxonomy":"category","embeddable":true,"href":"https:\/\/villeurbanne-insoumise-ensemble.fr\/index.php?rest_route=%2Fwp%2Fv2%2Fcategories&post=1860"},{"taxonomy":"post_tag","embeddable":true,"href":"https:\/\/villeurbanne-insoumise-ensemble.fr\/index.php?rest_route=%2Fwp%2Fv2%2Ftags&post=1860"}],"curies":[{"name":"wp","href":"https:\/\/api.w.org\/{rel}","templated":true}]}}