{"id":1854,"date":"2024-04-01T09:59:00","date_gmt":"2024-04-01T07:59:00","guid":{"rendered":"https:\/\/villeurbanne-insoumise-ensemble.fr\/?p=1854"},"modified":"2024-05-30T10:00:44","modified_gmt":"2024-05-30T08:00:44","slug":"pas-de-liberte-sans-ses-defenseurs-et-defenseuses","status":"publish","type":"post","link":"https:\/\/villeurbanne-insoumise-ensemble.fr\/?p=1854","title":{"rendered":"Pas de libert\u00e9 sans ses d\u00e9fenseurs et d\u00e9fenseuses !"},"content":{"rendered":"\n<p>Le 4 mars 2024 marque une nouvelle \u00e9tape aux conqu\u00eates des femmes et des f\u00e9ministes. Pour la premi\u00e8re fois au monde, une Constitution prot\u00e8ge le recours \u00e0 l\u2019IVG. Cette victoire n\u2019aurait pas \u00e9t\u00e9 possible sans les figures f\u00e9ministes des si\u00e8cles pass\u00e9s, mais surtout sans les milliers de militantes qui \u0153uvrent encore. Disposer librement de son corps, c\u2019est commencer \u00e0 disposer de sa vie. Le droit \u00e0 l\u2019IVG est un des fondements de l\u2019autonomie des femmes sans lequel il n\u2019y a pas de v\u00e9ritable \u00e9galit\u00e9.<\/p>\n\n\n\n<p>C\u2019est aussi l\u2019un des droits les plus attaqu\u00e9s par les politiques r\u00e9actionnaires. En Pologne, l\u2019interdiction de l\u2019avortement a entra\u00een\u00e9 la mort d\u2019au moins 6 femmes. Aux Etats-Unis, elle les contraint \u00e0 parcourir des milliers de kilom\u00e8tres ou \u00e0 commander des pilules abortives \u00e0 l\u2019\u00e9tranger. Ce droit est en danger en Argentine, mais \u00e9galement en Italie o\u00f9 la coalition n\u00e9ofascite des droites le remet subtilement en cause. Proc\u00e9dure complexe, coupes budg\u00e9taires, non-enseignement dans les \u00e9coles de m\u00e9decine\u2026 sont autant de strat\u00e9gies qui visent \u00e0 rendre l\u2019avortement impossible.<\/p>\n\n\n\n<p>C\u2019est certainement cette m\u00e9thode qu\u2019adopterait le RN s\u2019il arrivait au pouvoir. Si son discours est pass\u00e9 de \u00ab les lois sur l\u2019IVG seront abrog\u00e9es \u00bb au silence, les faits sont t\u00eatus : Marine Le Pen s\u2019est oppos\u00e9e \u00e0 l\u2019allongement du d\u00e9lai d\u2019avortement et son groupe a rejet\u00e9 un texte condamnant le recul de ce droit en Pologne. Nul doute que les \u00ab mesures incitatives \u00bb contre l\u2019avortement qu\u2019elle \u00e9voquait en 2006 ressembleraient \u00e0 s\u2019y m\u00e9prendre \u00e0 celles utilis\u00e9es par sa cousine italienne.&nbsp;<\/p>\n\n\n\n<p>Cette constitutionnalisation, ainsi que l\u2019\u00e9largissement des pr\u00e9rogatives des sage-femmes, nous les voyons comme des \u00e9tapes dans le chemin qu\u2019il reste \u00e0 parcourir vers un vrai droit \u00e0 l\u2019IVG : abrogation de la double clause de conscience, approvisionnement assur\u00e9 en m\u00e9dicaments abortifs, r\u00e9ouverture de centres de sant\u00e9 sexuelle \u2026 Apr\u00e8s la victoire du 4 mars, plus rien n&#8217;est impossible !&nbsp;<\/p>\n","protected":false},"excerpt":{"rendered":"<p>Le 4 mars 2024 marque une nouvelle \u00e9tape aux conqu\u00eates des femmes et des f\u00e9ministes. Pour la premi\u00e8re fois au monde, une Constitution prot\u00e8ge le recours \u00e0 l\u2019IVG. Cette victoire n\u2019aurait pas \u00e9t\u00e9 possible sans les figures f\u00e9ministes des si\u00e8cles pass\u00e9s, mais surtout sans les milliers de militantes qui \u0153uvrent encore. Disposer librement de son&#8230;<\/p>\n","protected":false},"author":1,"featured_media":0,"comment_status":"open","ping_status":"open","sticky":false,"template":"","format":"standard","meta":[],"categories":[191,17],"tags":[],"_links":{"self":[{"href":"https:\/\/villeurbanne-insoumise-ensemble.fr\/index.php?rest_route=\/wp\/v2\/posts\/1854"}],"collection":[{"href":"https:\/\/villeurbanne-insoumise-ensemble.fr\/index.php?rest_route=\/wp\/v2\/posts"}],"about":[{"href":"https:\/\/villeurbanne-insoumise-ensemble.fr\/index.php?rest_route=\/wp\/v2\/types\/post"}],"author":[{"embeddable":true,"href":"https:\/\/villeurbanne-insoumise-ensemble.fr\/index.php?rest_route=\/wp\/v2\/users\/1"}],"replies":[{"embeddable":true,"href":"https:\/\/villeurbanne-insoumise-ensemble.fr\/index.php?rest_route=%2Fwp%2Fv2%2Fcomments&post=1854"}],"version-history":[{"count":1,"href":"https:\/\/villeurbanne-insoumise-ensemble.fr\/index.php?rest_route=\/wp\/v2\/posts\/1854\/revisions"}],"predecessor-version":[{"id":1855,"href":"https:\/\/villeurbanne-insoumise-ensemble.fr\/index.php?rest_route=\/wp\/v2\/posts\/1854\/revisions\/1855"}],"wp:attachment":[{"href":"https:\/\/villeurbanne-insoumise-ensemble.fr\/index.php?rest_route=%2Fwp%2Fv2%2Fmedia&parent=1854"}],"wp:term":[{"taxonomy":"category","embeddable":true,"href":"https:\/\/villeurbanne-insoumise-ensemble.fr\/index.php?rest_route=%2Fwp%2Fv2%2Fcategories&post=1854"},{"taxonomy":"post_tag","embeddable":true,"href":"https:\/\/villeurbanne-insoumise-ensemble.fr\/index.php?rest_route=%2Fwp%2Fv2%2Ftags&post=1854"}],"curies":[{"name":"wp","href":"https:\/\/api.w.org\/{rel}","templated":true}]}}