{"id":1849,"date":"2024-06-01T09:57:00","date_gmt":"2024-06-01T07:57:00","guid":{"rendered":"https:\/\/villeurbanne-insoumise-ensemble.fr\/?p=1849"},"modified":"2024-05-30T09:58:40","modified_gmt":"2024-05-30T07:58:40","slug":"jeux-olympiques-jeux-du-fric","status":"publish","type":"post","link":"https:\/\/villeurbanne-insoumise-ensemble.fr\/?p=1849","title":{"rendered":"Jeux Olympiques, Jeux du fric"},"content":{"rendered":"\n<p>On aurait pr\u00e9f\u00e9r\u00e9 que les Jeux Olympiques 2024 soient la f\u00eate populaire et \u00e9cologique qu\u2019on nous avait annonc\u00e9e.<\/p>\n\n\n\n<p>La plupart des habitant\u00b7es concern\u00e9\u00b7es par les JO ne seront pas de la f\u00eate. Places inabordables, doublement des tarifs de transports en commun, des h\u00e9bergements : la plupart des fran\u00e7ais\u00b7es n&#8217;auront pas les moyens d&#8217;y assister. Pour l&#8217;organisation des Jeux, 2 000 \u00e9tudiant\u00b7es doivent c\u00e9der leur logement, parfois en pleine p\u00e9riode d&#8217;examens. Et si cela ne suffisait pas, on cherche \u00e0 cacher les plus pauvres des franciliens, quitte \u00e0 les expulser de leur habitat de fortune et \u00e0 les d\u00e9localiser hors de Paris, incitant la D\u00e9fenseure des droits Claire H\u00e9don \u00e0 \u00e9voquer le risque de discrimination et d&#8217;atteinte aux droits et libert\u00e9s.<\/p>\n\n\n\n<p>C&#8217;est que les JO n&#8217;\u00e9chappent pas \u00e0 la logique du sport business. Des marques de soda \u00e0 celles de luxe, les sponsors affluent pour profiter de la publicit\u00e9 mondiale que cet \u00e9v\u00e9nement leur offre. Pour les entreprises de la fili\u00e8re s\u00e9curitaire, il repr\u00e9sente m\u00eame un tremplin : en 4 ans, la seule ville de Saint-Denis a d\u00e9pens\u00e9 6,7 millions d&#8217;euros en vid\u00e9osurveillance, sans compter l&#8217;autorisation des drones et de la surveillance algorithmique qui risque d&#8217;\u00eatre p\u00e9rennis\u00e9e.&nbsp;<\/p>\n\n\n\n<p>Ces JO se font \u00e9galement aux d\u00e9pends de l&#8217;environnement. Jardins ouvriers d&#8217;Aubervilliers, espaces verts de Taverny ou arbres des Yvelines ont \u00e9t\u00e9 ras\u00e9s et b\u00e9tonn\u00e9s pour construire des infrastructures olympiques. Plus globalement, les millions de spectateurs internationaux qui voleront jusqu&#8217;en France seront une source consid\u00e9rable de gaz \u00e0 effet de serre.<\/p>\n\n\n\n<p>Les JO sont \u00e0 r\u00e9inventer, loin des logiques de profit qui excluent et saccagent notre plan\u00e8te. Le sport peut \u00eatre c\u00e9l\u00e9br\u00e9 autrement que par le business. C&#8217;est le sens des rencontres sportives et initiations gratuites organis\u00e9es par la M\u00e9tropole de Lyon ce printemps : permettre \u00e0 chacun\u00b7e de f\u00eater le sport et de se retrouver entre ami\u00b7es et en famille. Rendez-vous place Bellecour le 23 juin pour la finale des Jeux M\u00e9tropolitains !<\/p>\n","protected":false},"excerpt":{"rendered":"<p>On aurait pr\u00e9f\u00e9r\u00e9 que les Jeux Olympiques 2024 soient la f\u00eate populaire et \u00e9cologique qu\u2019on nous avait annonc\u00e9e. La plupart des habitant\u00b7es concern\u00e9\u00b7es par les JO ne seront pas de la f\u00eate. Places inabordables, doublement des tarifs de transports en commun, des h\u00e9bergements : la plupart des fran\u00e7ais\u00b7es n&#8217;auront pas les moyens d&#8217;y assister. Pour&#8230;<\/p>\n","protected":false},"author":1,"featured_media":0,"comment_status":"open","ping_status":"open","sticky":false,"template":"","format":"standard","meta":[],"categories":[191,17],"tags":[],"_links":{"self":[{"href":"https:\/\/villeurbanne-insoumise-ensemble.fr\/index.php?rest_route=\/wp\/v2\/posts\/1849"}],"collection":[{"href":"https:\/\/villeurbanne-insoumise-ensemble.fr\/index.php?rest_route=\/wp\/v2\/posts"}],"about":[{"href":"https:\/\/villeurbanne-insoumise-ensemble.fr\/index.php?rest_route=\/wp\/v2\/types\/post"}],"author":[{"embeddable":true,"href":"https:\/\/villeurbanne-insoumise-ensemble.fr\/index.php?rest_route=\/wp\/v2\/users\/1"}],"replies":[{"embeddable":true,"href":"https:\/\/villeurbanne-insoumise-ensemble.fr\/index.php?rest_route=%2Fwp%2Fv2%2Fcomments&post=1849"}],"version-history":[{"count":1,"href":"https:\/\/villeurbanne-insoumise-ensemble.fr\/index.php?rest_route=\/wp\/v2\/posts\/1849\/revisions"}],"predecessor-version":[{"id":1850,"href":"https:\/\/villeurbanne-insoumise-ensemble.fr\/index.php?rest_route=\/wp\/v2\/posts\/1849\/revisions\/1850"}],"wp:attachment":[{"href":"https:\/\/villeurbanne-insoumise-ensemble.fr\/index.php?rest_route=%2Fwp%2Fv2%2Fmedia&parent=1849"}],"wp:term":[{"taxonomy":"category","embeddable":true,"href":"https:\/\/villeurbanne-insoumise-ensemble.fr\/index.php?rest_route=%2Fwp%2Fv2%2Fcategories&post=1849"},{"taxonomy":"post_tag","embeddable":true,"href":"https:\/\/villeurbanne-insoumise-ensemble.fr\/index.php?rest_route=%2Fwp%2Fv2%2Ftags&post=1849"}],"curies":[{"name":"wp","href":"https:\/\/api.w.org\/{rel}","templated":true}]}}