{"id":1847,"date":"2024-05-01T09:56:00","date_gmt":"2024-05-01T07:56:00","guid":{"rendered":"https:\/\/villeurbanne-insoumise-ensemble.fr\/?p=1847"},"modified":"2024-05-30T09:57:28","modified_gmt":"2024-05-30T07:57:28","slug":"logement-inventer-encadrer-requisitionner","status":"publish","type":"post","link":"https:\/\/villeurbanne-insoumise-ensemble.fr\/?p=1847","title":{"rendered":"Logement : inventer, encadrer, r\u00e9quisitionner !"},"content":{"rendered":"\n<p>On aurait pr\u00e9f\u00e9r\u00e9 que la fin de la tr\u00eave hivernale au premier avril soit une farce.<\/p>\n\n\n\n<p>Dans le Rh\u00f4ne, 14 000 personnes seraient sans-abri. Le manque de logements et d\u2019h\u00e9bergements d\u2019urgence coupl\u00e9 \u00e0 une augmentation de 44% des loyers du priv\u00e9 en 10 ans ne font qu\u2019aggraver la situation. Pour les 10% plus pauvres, se loger repr\u00e9sente la moiti\u00e9 de leur revenu ! L\u2019inflation g\u00e9n\u00e9rale, mais aussi la loi Kasbarian-Berg\u00e9 qui organise les mises \u00e0 la rue, font craindre \u00e0 l\u2019association Abb\u00e9 Pierre l\u2019expulsion de 140 000 personnes en 2024. Celles-ci ont pourtant d\u00e9j\u00e0 augment\u00e9 de 52% en 10 ans !<\/p>\n\n\n\n<p>S\u2019il faut construire, il faut surtout faire en sorte que les logements d\u00e9j\u00e0 existants soient habit\u00e9s par celles et ceux qui en ont le plus besoin. A Villeurbanne, plus de 3 000 logements \u00e9taient des r\u00e9sidences secondaires en 2020, 660 sont vacants depuis plus de deux ans, et plusieurs dizaines sont accapar\u00e9s pour du logement touristique type Airbnb.&nbsp;<\/p>\n\n\n\n<p>Il est possible d\u2019agir localement. Depuis plus de deux ans, Villeurbanne est concern\u00e9e par l\u2019encadrement de loyers, qui les emp\u00eache de d\u00e9passer un certain plafond, sans pour autant permettre leur diminution. Les locataires peuvent n\u00e9anmoins s\u2019en saisir pour signaler les propri\u00e9taires abusifs. En accord avec la M\u00e9tropole, nous pourrions aussi mettre en place un permis de louer comme cela est actuellement exp\u00e9riment\u00e9 \u00e0 Saint-Priest, ainsi qu\u2019un permis de diviser, pour emp\u00eacher le morcellement de grands appartements en plus petits. Comme nous l\u2019avons fait dans l\u2019ex-CCO, il nous faut aussi imaginer de nouveaux dispositifs d\u2019h\u00e9bergement d\u2019urgence, en nous conventionnant avec des associations et des propri\u00e9taires priv\u00e9s.<\/p>\n\n\n\n<p>Nous aurions cependant beaucoup plus de marge de man\u0153uvre si nous avions le soutien de l\u2019\u00c9tat. Plut\u00f4t que d\u2019expulser des personnes, celui-ci devrait r\u00e9quisitionner d\u00e8s que possible. C\u2019est ce qu\u2019a propos\u00e9 le d\u00e9put\u00e9 Fran\u00e7ois Piquemal : donner ce droit aux maires et \u00e9largir son application. Affaire \u00e0 suivre \u00e0 l\u2019Assembl\u00e9e Nationale\u00a0!<\/p>\n","protected":false},"excerpt":{"rendered":"<p>On aurait pr\u00e9f\u00e9r\u00e9 que la fin de la tr\u00eave hivernale au premier avril soit une farce. Dans le Rh\u00f4ne, 14 000 personnes seraient sans-abri. Le manque de logements et d\u2019h\u00e9bergements d\u2019urgence coupl\u00e9 \u00e0 une augmentation de 44% des loyers du priv\u00e9 en 10 ans ne font qu\u2019aggraver la situation. Pour les 10% plus pauvres, se&#8230;<\/p>\n","protected":false},"author":1,"featured_media":0,"comment_status":"open","ping_status":"open","sticky":false,"template":"","format":"standard","meta":[],"categories":[191,17],"tags":[],"_links":{"self":[{"href":"https:\/\/villeurbanne-insoumise-ensemble.fr\/index.php?rest_route=\/wp\/v2\/posts\/1847"}],"collection":[{"href":"https:\/\/villeurbanne-insoumise-ensemble.fr\/index.php?rest_route=\/wp\/v2\/posts"}],"about":[{"href":"https:\/\/villeurbanne-insoumise-ensemble.fr\/index.php?rest_route=\/wp\/v2\/types\/post"}],"author":[{"embeddable":true,"href":"https:\/\/villeurbanne-insoumise-ensemble.fr\/index.php?rest_route=\/wp\/v2\/users\/1"}],"replies":[{"embeddable":true,"href":"https:\/\/villeurbanne-insoumise-ensemble.fr\/index.php?rest_route=%2Fwp%2Fv2%2Fcomments&post=1847"}],"version-history":[{"count":1,"href":"https:\/\/villeurbanne-insoumise-ensemble.fr\/index.php?rest_route=\/wp\/v2\/posts\/1847\/revisions"}],"predecessor-version":[{"id":1848,"href":"https:\/\/villeurbanne-insoumise-ensemble.fr\/index.php?rest_route=\/wp\/v2\/posts\/1847\/revisions\/1848"}],"wp:attachment":[{"href":"https:\/\/villeurbanne-insoumise-ensemble.fr\/index.php?rest_route=%2Fwp%2Fv2%2Fmedia&parent=1847"}],"wp:term":[{"taxonomy":"category","embeddable":true,"href":"https:\/\/villeurbanne-insoumise-ensemble.fr\/index.php?rest_route=%2Fwp%2Fv2%2Fcategories&post=1847"},{"taxonomy":"post_tag","embeddable":true,"href":"https:\/\/villeurbanne-insoumise-ensemble.fr\/index.php?rest_route=%2Fwp%2Fv2%2Ftags&post=1847"}],"curies":[{"name":"wp","href":"https:\/\/api.w.org\/{rel}","templated":true}]}}