{"id":1818,"date":"2024-05-30T09:12:23","date_gmt":"2024-05-30T07:12:23","guid":{"rendered":"https:\/\/villeurbanne-insoumise-ensemble.fr\/?p=1818"},"modified":"2024-05-30T09:12:24","modified_gmt":"2024-05-30T07:12:24","slug":"nous-experimentons-le-zero-reste-a-charge","status":"publish","type":"post","link":"https:\/\/villeurbanne-insoumise-ensemble.fr\/?p=1818","title":{"rendered":"Nous exp\u00e9rimentons le z\u00e9ro reste \u00e0 charge !"},"content":{"rendered":"\n<p><em>Par Mathieu GARABEDIAN<\/em><\/p>\n\n\n\n<figure class=\"wp-block-embed is-type-video is-provider-youtube wp-block-embed-youtube wp-embed-aspect-16-9 wp-has-aspect-ratio\"><div class=\"wp-block-embed__wrapper\">\n<iframe loading=\"lazy\" title=\"Mathieu GARABEDIAN - Nous exp\u00e9rimentons le z\u00e9ro reste \u00e0 charge !\" width=\"640\" height=\"360\" src=\"https:\/\/www.youtube.com\/embed\/5YeJFEGWeYk?feature=oembed\" frameborder=\"0\" allow=\"accelerometer; autoplay; clipboard-write; encrypted-media; gyroscope; picture-in-picture; web-share\" referrerpolicy=\"strict-origin-when-cross-origin\" allowfullscreen><\/iframe>\n<\/div><\/figure>\n\n\n\n<p>Je suis tr\u00e8s heureux d\u2019avoir l\u2019occasion de pr\u00e9senter ce dispositif \u00ab&nbsp;Egalit\u00e9 r\u00e9elle d\u2019acc\u00e8s aux loisirs&nbsp;\u00bb dans le cadre de cette d\u00e9lib\u00e9ration. C\u2019est un dispositif qui est n\u00e9 \u00e0 l\u2019issue du premier confinement au printemps 2020, \u00e0 l\u2019issue d\u2019une enqu\u00eate qui a \u00e9t\u00e9 r\u00e9alis\u00e9e aupr\u00e8s de nos b\u00e9n\u00e9ficiaires des ch\u00e8ques alimentaires du CCAS et qui posait une question qui \u00e9tait \u00ab&nbsp;Est-ce que vous avez d\u00e9j\u00e0 inscrit vos enfants aux activit\u00e9s de loisir de la ville&nbsp;?&nbsp;\u00bb. Et en fait on s\u2019\u00e9tait rendus compte \u00e0 cette occasion que plus de 70% des familles interrog\u00e9es n\u2019avaient jamais inscrit ou ne connaissaient pas les dispositifs de loisirs de la ville.<\/p>\n\n\n\n<p>A l\u2019issue de cette enqu\u00eate, il a \u00e9t\u00e9 r\u00e9fl\u00e9chi \u00e0 un dispositif notamment pour permettre \u00e0 ces familles de s\u2019inscrire, puis ensuite plus g\u00e9n\u00e9ralement, d\u2019un dispositif qui s\u2019est inscrit dans la mission transversale \u00ab&nbsp;transition-\u00e9galit\u00e9&nbsp;\u00bb port\u00e9e par Agathe FORT, et qui s\u2019est \u00e9galement construite autour d\u2019une strat\u00e9gie d\u2019\u00e9galit\u00e9 d\u2019acc\u00e8s aux droits sociaux et aux services publics, qui est aujourd\u2019hui pilot\u00e9e par la direction Egalit\u00e9 sociale et territoriale.<\/p>\n\n\n\n<p>C\u2019est une action qui vise les familles les plus en difficult\u00e9 financi\u00e8re et administrative. On a fix\u00e9 aujourd\u2019hui un seuil de QF inf\u00e9rieur \u00e0 200 et on a essay\u00e9 de croiser \u00e9galement avec des enfants scolaris\u00e9s soit en \u00e9ducation prioritaire, soit \u00e9tant dans les quartiers prioritaires de la politique de la ville.<\/p>\n\n\n\n<p>L\u2019enjeu \u00e9tait double. C\u2019\u00e9tait \u00e0 la fois avec cette action d\u2019avoir une vis\u00e9e qu\u2019on pourrait dire \u00ab&nbsp;compensatrice&nbsp;\u00bb de cet acc\u00e8s, avec des r\u00e9servations de places en accompagnement des familles. Mais \u00e9galement avec une vis\u00e9e transformatrice de nos services publics puisque l\u2019enjeu c\u2019est de mener des \u00e9volutions de nos pratiques, des modalit\u00e9s d\u2019inscription, pour permettre cette \u00e9galit\u00e9 d\u2019acc\u00e8s.<\/p>\n\n\n\n<p>Plusieurs freins ont \u00e9t\u00e9 identifi\u00e9s et depuis quatre ans on essaye d\u2019exp\u00e9rimenter chaque ann\u00e9e la lev\u00e9e de ces freins, avec la premi\u00e8re ann\u00e9e le dispositif qui s\u2019appelait \u00ab&nbsp;All\u00f4 loisirs&nbsp;\u00bb avec l\u2019appel par la vile des familles qui avaient \u00e9t\u00e9 recens\u00e9es pour leur proposer les offres et les accompagner jusqu\u2019\u00e0 l\u2019inscription. On a ensuite test\u00e9 la r\u00e9servation de places dans les offres de loisir. Evidemment dans un contexte d\u2019offre finie avec un nombre de places, il \u00e9tait important de pouvoir assurer que ces familles puissent b\u00e9n\u00e9ficier de ces places. On a ensuite, l\u2019ann\u00e9e suivante, test\u00e9 l\u2019\u00e9volution de nos pratiques et nos modalit\u00e9s d\u2019inscription pour les rendre plus accessibles et essayer de les faire \u00e9voluer dans le temps. Et puis on a essay\u00e9 de lever les freins administratifs, notamment avec la question de l\u2019assurance extrascolaire dont on s\u2019est rendus compte qu\u2019elle pouvait \u00eatre un vrai frein \u00e0 l\u2019inscription et qui est souvent li\u00e9e \u00e0 la question de l\u2019habitat et dans certaines familles, \u00e9videmment, c\u2019est une probl\u00e9matique importante. Et enfin cette derni\u00e8re ann\u00e9e on souhaite exp\u00e9rimenter la question financi\u00e8re. Et avec cette proposition de mise en \u0153uvre d\u2019un z\u00e9ro reste \u00e0 charge, qui est exp\u00e9rimentale, dont on pense en tout cas\u2026 on d\u00e9c\u00e8le que les freins financiers sont importants, m\u00eame quand le co\u00fbt reste tr\u00e8s minime pour les familles. Et donc on va l\u2019exp\u00e9rimenter cette ann\u00e9e sur quatre dispositifs&nbsp;:<\/p>\n\n\n\n<ul><li>L\u2019accueil de loisirs sans h\u00e9bergement&nbsp;;<\/li><li>Le centre de loisirs de Chamagnieu&nbsp;;<\/li><li>L\u2019accueil de loisirs sans h\u00e9bergement vacances-sports&nbsp;;<\/li><li>Et l\u2019atelier Espace aqua-ludique.<\/li><\/ul>\n\n\n\n<p>Pour terminer, un tout petit bilan des quatre premi\u00e8res ann\u00e9es de mise en \u0153uvre, puisque je pense que ce sont des chiffres qui sont int\u00e9ressants. On a plus de 200 familles qui ont pu \u00eatre contact\u00e9es et inform\u00e9es de cette offre depuis 2020. \u00c7a a permis chaque ann\u00e9e \u00e0 45 familles d\u2019\u00eatre accompagn\u00e9es jusqu\u2019\u00e0 l\u2019inscription, soit par t\u00e9l\u00e9phone soit au sein des maison de services publics de la ville. En enfin, \u00e7a a permis \u00e0 60 familles chaque ann\u00e9e d\u2019avoir acc\u00e8s pour un ou plusieurs enfants \u00e0 ces offres de loisirs, pour des familles qui n\u2019avaient pas forc\u00e9ment l\u2019occasion ou l\u2019habitude d\u2019avoir acc\u00e8s \u00e0 ces loisirs.<\/p>\n\n\n\n<p>Je suis tr\u00e8s fier de pouvoir vous pr\u00e9senter cette d\u00e9lib\u00e9ration et \u00e9videmment l\u00e0 pour toutes les questions sur sa mise en \u0153uvre.<\/p>\n","protected":false},"excerpt":{"rendered":"<p>Par Mathieu GARABEDIAN Je suis tr\u00e8s heureux d\u2019avoir l\u2019occasion de pr\u00e9senter ce dispositif \u00ab&nbsp;Egalit\u00e9 r\u00e9elle d\u2019acc\u00e8s aux loisirs&nbsp;\u00bb dans le cadre de cette d\u00e9lib\u00e9ration. C\u2019est un dispositif qui est n\u00e9 \u00e0 l\u2019issue du premier confinement au printemps 2020, \u00e0 l\u2019issue d\u2019une enqu\u00eate qui a \u00e9t\u00e9 r\u00e9alis\u00e9e aupr\u00e8s de nos b\u00e9n\u00e9ficiaires des ch\u00e8ques alimentaires du CCAS&#8230;<\/p>\n","protected":false},"author":1,"featured_media":0,"comment_status":"open","ping_status":"open","sticky":false,"template":"","format":"standard","meta":[],"categories":[1],"tags":[77,43,180],"_links":{"self":[{"href":"https:\/\/villeurbanne-insoumise-ensemble.fr\/index.php?rest_route=\/wp\/v2\/posts\/1818"}],"collection":[{"href":"https:\/\/villeurbanne-insoumise-ensemble.fr\/index.php?rest_route=\/wp\/v2\/posts"}],"about":[{"href":"https:\/\/villeurbanne-insoumise-ensemble.fr\/index.php?rest_route=\/wp\/v2\/types\/post"}],"author":[{"embeddable":true,"href":"https:\/\/villeurbanne-insoumise-ensemble.fr\/index.php?rest_route=\/wp\/v2\/users\/1"}],"replies":[{"embeddable":true,"href":"https:\/\/villeurbanne-insoumise-ensemble.fr\/index.php?rest_route=%2Fwp%2Fv2%2Fcomments&post=1818"}],"version-history":[{"count":1,"href":"https:\/\/villeurbanne-insoumise-ensemble.fr\/index.php?rest_route=\/wp\/v2\/posts\/1818\/revisions"}],"predecessor-version":[{"id":1819,"href":"https:\/\/villeurbanne-insoumise-ensemble.fr\/index.php?rest_route=\/wp\/v2\/posts\/1818\/revisions\/1819"}],"wp:attachment":[{"href":"https:\/\/villeurbanne-insoumise-ensemble.fr\/index.php?rest_route=%2Fwp%2Fv2%2Fmedia&parent=1818"}],"wp:term":[{"taxonomy":"category","embeddable":true,"href":"https:\/\/villeurbanne-insoumise-ensemble.fr\/index.php?rest_route=%2Fwp%2Fv2%2Fcategories&post=1818"},{"taxonomy":"post_tag","embeddable":true,"href":"https:\/\/villeurbanne-insoumise-ensemble.fr\/index.php?rest_route=%2Fwp%2Fv2%2Ftags&post=1818"}],"curies":[{"name":"wp","href":"https:\/\/api.w.org\/{rel}","templated":true}]}}