{"id":1816,"date":"2024-05-30T09:10:37","date_gmt":"2024-05-30T07:10:37","guid":{"rendered":"https:\/\/villeurbanne-insoumise-ensemble.fr\/?p=1816"},"modified":"2024-05-30T09:10:39","modified_gmt":"2024-05-30T07:10:39","slug":"aci-la-concertation-a-construit-le-parc","status":"publish","type":"post","link":"https:\/\/villeurbanne-insoumise-ensemble.fr\/?p=1816","title":{"rendered":"ACI : la concertation a construit le parc"},"content":{"rendered":"\n<p><em>Par Olivier GL\u00dcCK<\/em><\/p>\n\n\n\n<figure class=\"wp-block-embed is-type-video is-provider-youtube wp-block-embed-youtube wp-embed-aspect-16-9 wp-has-aspect-ratio\"><div class=\"wp-block-embed__wrapper\">\n<iframe loading=\"lazy\" title=\"Olivier GL\u00dcCK - ACI : La concertation a construit le parc\" width=\"640\" height=\"360\" src=\"https:\/\/www.youtube.com\/embed\/zvgOu1DX0oE?feature=oembed\" frameborder=\"0\" allow=\"accelerometer; autoplay; clipboard-write; encrypted-media; gyroscope; picture-in-picture; web-share\" referrerpolicy=\"strict-origin-when-cross-origin\" allowfullscreen><\/iframe>\n<\/div><\/figure>\n\n\n\n<p>Il y a moins d\u2019une semaine, encore plus de 100 personnes \u00e9taient pr\u00e9sentes \u00e0 la r\u00e9union publique qui pr\u00e9sentait l&#8217;avant-projet du parc. Des \u00e9changes encore riches avec des habitant.es qui semblaient plut\u00f4t tr\u00e8s satisfaits du projet avec la bonne prise en compte des diff\u00e9rents temps de concertation. Il y a m\u00eame eu des applaudissements spontan\u00e9s \u00e0 la fin de la r\u00e9union publique ce qui n&#8217;est pas si fr\u00e9quent !<\/p>\n\n\n\n<p>Nous avons certes d\u00e9j\u00e0 d\u00e9lib\u00e9r\u00e9 \u00e0 plusieurs reprises sur le site ACI, mais celle-ci est hautement symbolique puisqu&#8217;il s&#8217;agit d&#8217;acheter le terrain pour l&#8217;un des grands parcs promis au plan de mandat. Il sera le troisi\u00e8me plus grand parc de la ville apr\u00e8s la Feyssine et celui de la commune de Paris, et situ\u00e9 en c\u0153ur de ville \u00e0 la place d&#8217;un ancien \u00eelot de chaleur.<\/p>\n\n\n\n<p>C\u2019est aussi l&#8217;un des projets pour lequel la concertation a vraiment \u00e9t\u00e9 pouss\u00e9e de fa\u00e7on r\u00e9p\u00e9t\u00e9e, it\u00e9rative et sur un temps long. Riverain\u00b7es, villeurbannais\u00b7es, mais aussi enseignant\u00b7es, lyc\u00e9en\u00b7nes, coll\u00e9gien\u00b7nes, enfants ont \u00e9t\u00e9 consult\u00e9\u00b7es dans des formats multiples et avec des m\u00e9thodes permettant \u00e0 toutes et tous de donner son avis. Dans le cas d&#8217;expressions divergentes, des votes ont parfois \u00e9t\u00e9 organis\u00e9s pour trancher mais la plupart du temps, la recherche d&#8217;un consensus a r\u00e9ussi.&nbsp;<\/p>\n\n\n\n<p>Ces plus de 20 temps de concertation ont construit le projet du parc tel qu\u2019il existe aujourd\u2019hui : pr\u00e9servation de la m\u00e9moire patrimoniale et ouvri\u00e8re, un parc tr\u00e8s v\u00e9g\u00e9tal comprenant un jardin clos et une aire canine, mais aussi des jeux pour enfants et terrains de sport. Au-del\u00e0 de ces grandes lignes, les participant\u00b7es ont aussi travaill\u00e9 plus finement sur le type de mobilier, de cl\u00f4tures, les cheminements, la hi\u00e9rarchisation des all\u00e9es et leur rev\u00eatement ; mais aussi sur l\u2019\u00e9clairage du parc, la pr\u00e9sence de poubelles et de fontaines \u00e0 eau, leur emplacement\u2026<\/p>\n\n\n\n<p>En tant qu&#8217;adjoint de quartier, j&#8217;ai \u00e9t\u00e9 tr\u00e8s heureux de suivre ces temps de concertation qui ont model\u00e9 le futur parc. Nous esp\u00e9rons que les villeurbannaises et villeurbannais seront autant satisfaits de cette belle r\u00e9ussite !<\/p>\n","protected":false},"excerpt":{"rendered":"<p>Par Olivier GL\u00dcCK Il y a moins d\u2019une semaine, encore plus de 100 personnes \u00e9taient pr\u00e9sentes \u00e0 la r\u00e9union publique qui pr\u00e9sentait l&#8217;avant-projet du parc. Des \u00e9changes encore riches avec des habitant.es qui semblaient plut\u00f4t tr\u00e8s satisfaits du projet avec la bonne prise en compte des diff\u00e9rents temps de concertation. Il y a m\u00eame eu&#8230;<\/p>\n","protected":false},"author":1,"featured_media":0,"comment_status":"open","ping_status":"open","sticky":false,"template":"","format":"standard","meta":[],"categories":[1],"tags":[36,183],"_links":{"self":[{"href":"https:\/\/villeurbanne-insoumise-ensemble.fr\/index.php?rest_route=\/wp\/v2\/posts\/1816"}],"collection":[{"href":"https:\/\/villeurbanne-insoumise-ensemble.fr\/index.php?rest_route=\/wp\/v2\/posts"}],"about":[{"href":"https:\/\/villeurbanne-insoumise-ensemble.fr\/index.php?rest_route=\/wp\/v2\/types\/post"}],"author":[{"embeddable":true,"href":"https:\/\/villeurbanne-insoumise-ensemble.fr\/index.php?rest_route=\/wp\/v2\/users\/1"}],"replies":[{"embeddable":true,"href":"https:\/\/villeurbanne-insoumise-ensemble.fr\/index.php?rest_route=%2Fwp%2Fv2%2Fcomments&post=1816"}],"version-history":[{"count":1,"href":"https:\/\/villeurbanne-insoumise-ensemble.fr\/index.php?rest_route=\/wp\/v2\/posts\/1816\/revisions"}],"predecessor-version":[{"id":1817,"href":"https:\/\/villeurbanne-insoumise-ensemble.fr\/index.php?rest_route=\/wp\/v2\/posts\/1816\/revisions\/1817"}],"wp:attachment":[{"href":"https:\/\/villeurbanne-insoumise-ensemble.fr\/index.php?rest_route=%2Fwp%2Fv2%2Fmedia&parent=1816"}],"wp:term":[{"taxonomy":"category","embeddable":true,"href":"https:\/\/villeurbanne-insoumise-ensemble.fr\/index.php?rest_route=%2Fwp%2Fv2%2Fcategories&post=1816"},{"taxonomy":"post_tag","embeddable":true,"href":"https:\/\/villeurbanne-insoumise-ensemble.fr\/index.php?rest_route=%2Fwp%2Fv2%2Ftags&post=1816"}],"curies":[{"name":"wp","href":"https:\/\/api.w.org\/{rel}","templated":true}]}}