{"id":1814,"date":"2024-05-30T09:08:56","date_gmt":"2024-05-30T07:08:56","guid":{"rendered":"https:\/\/villeurbanne-insoumise-ensemble.fr\/?p=1814"},"modified":"2024-05-30T09:08:56","modified_gmt":"2024-05-30T07:08:56","slug":"nous-devons-ouvrir-les-yeux-sur-les-violences-sexistes-sexuelles-et-discriminatoires","status":"publish","type":"post","link":"https:\/\/villeurbanne-insoumise-ensemble.fr\/?p=1814","title":{"rendered":"Nous devons ouvrir les yeux sur les violences sexistes, sexuelles et discriminatoires"},"content":{"rendered":"\n<p><em>Par Agathe FORT<\/em><\/p>\n\n\n\n<figure class=\"wp-block-embed is-type-video is-provider-youtube wp-block-embed-youtube wp-embed-aspect-16-9 wp-has-aspect-ratio\"><div class=\"wp-block-embed__wrapper\">\n<iframe loading=\"lazy\" title=\"Agathe FORT - Nous devons ouvrir les yeux sur les violences sexistes, sexuelles et discriminatoires\" width=\"640\" height=\"360\" src=\"https:\/\/www.youtube.com\/embed\/lJy1r6Q0qUg?feature=oembed\" frameborder=\"0\" allow=\"accelerometer; autoplay; clipboard-write; encrypted-media; gyroscope; picture-in-picture; web-share\" referrerpolicy=\"strict-origin-when-cross-origin\" allowfullscreen><\/iframe>\n<\/div><\/figure>\n\n\n\n<p>Le projet autour de cette charte a commenc\u00e9 autour de CFC 2022, pendant cette ann\u00e9e festive et tr\u00e8s culturelle \u00e0 Villeurbanne. Lors de l&#8217;\u00e9laboration du festival R\u00e9el par les jeunes de Villeurbanne, les demandes de lutte contre les VSS (violences sexistes et sexuelles) ont \u00e9t\u00e9 pr\u00e9pond\u00e9rantes dans le travail collectif. La sensibilit\u00e9 aux discriminations \u00e9tait omnipr\u00e9sente. Les jeunes ne voulaient pas d&#8217;une f\u00eate sans inclusion, sans bienveillance, sans s\u00e9curit\u00e9 pour tous et toutes. Il \u00e9tait alors n\u00e9cessaire de travailler en profondeur le sujet, et sur l&#8217;ensemble du territoire. Depuis lors, la ville a anim\u00e9 un r\u00e9seau des acteurs et actrices du monde festif et culturel sur la ville, afin d&#8217;\u00e9changer les retours d&#8217;exp\u00e9rience, de partager les bonnes pratiques, et d&#8217;avancer ensemble sur ces sujets, peu importe la taille des structures.<\/p>\n\n\n\n<p>Cette charte a alors \u00e9t\u00e9 travaill\u00e9e avec l&#8217;ensemble des partenaires engag\u00e9s dans ce travail, pour acter nos engagements collectifs, qui ont d\u00e9j\u00e0 des r\u00e9alit\u00e9s concr\u00e8tes, et ainsi d\u00e9finir un cadre d&#8217;actions pour que de nouvelles structures puissent nous rejoindre sans repartir de z\u00e9ro \u00e0 chaque \u00e9largissement du r\u00e9seau.<\/p>\n\n\n\n<p>Nous avons pour objectif d&#8217;\u00e9tendre ce travail aux \u00e9v\u00e9nements sportifs, puis de plus en plus largement, pour atteindre 100% des lieux et \u00e9v\u00e9nements o\u00f9 il y a une pr\u00e9sence des publics et leur interaction potentielle.<\/p>\n\n\n\n<p>Avec cette charte, nous sommes dans un engagement pragmatique, notre intention est de faire respecter la loi.<\/p>\n\n\n\n<p>Malheureusement, la loi ne suffit pas \u00e0 faire bouger les mentalit\u00e9s, alors on continue \u00e0 rendre visible, sensibiliser, former, transformer les pratiques et agir par le droit quand le reste n&#8217;a pas suffi.<\/p>\n\n\n\n<p>Nous devons tous et toutes ouvrir les yeux sur les violences sexistes, sexuelles et discriminatoires, qui se combinent entre elles, s&#8217;enchev\u00eatrent, et font partie int\u00e9grante du quotidien de nombre de personnes. Nous devons agir collectivement.<\/p>\n\n\n\n<p>Il ne vous aura pas \u00e9chapp\u00e9 que nous sommes en p\u00e9riode \u00e9lectorale. Les sondages annoncent une mont\u00e9e de l&#8217;extr\u00eame droite historique pour ces prochaines \u00e9lections europ\u00e9ennes. Allons-nous continuer \u00e0 regarder cette progression sans rien faire, voire m\u00eame en l&#8217;alimentant&nbsp;? Je vois passer \u00e0 la t\u00e9l\u00e9, dans les journaux, et parfois m\u00eame la presse locale&nbsp;!, des propos naus\u00e9abonds, perclus de sexisme, et de racisme, notamment de racisme antimusulman.&nbsp;<\/p>\n\n\n\n<p>Bell Hooks a dit &#8220;<em>la v\u00e9ritable solidarit\u00e9 politique, c&#8217;est apprendre \u00e0 lutter contre des oppressions qu&#8217;on ne subit pas soi-m\u00eame<\/em>&#8220;. J&#8217;ai de tr\u00e8s bons outils pour d\u00e9tecter ses propres biais racistes, car se dire antiraciste ne suffit pas \u00e0 l&#8217;\u00eatre. Je suis toute \u00e0 votre disposition pour en discuter et travailler le sujet&nbsp;!<\/p>\n\n\n\n<p>En attendant. En attendant d&#8217;atteindre cet objectif de s\u00e9curit\u00e9, de s\u00e9curit\u00e9 \u00e9gale pour tous et toutes, il nous faut travailler collectivement \u00e0 nos processus de coproductions des discriminations et des violences, et c&#8217;est ce que cette charte vient ancrer sur notre territoire.<\/p>\n","protected":false},"excerpt":{"rendered":"<p>Par Agathe FORT Le projet autour de cette charte a commenc\u00e9 autour de CFC 2022, pendant cette ann\u00e9e festive et tr\u00e8s culturelle \u00e0 Villeurbanne. Lors de l&#8217;\u00e9laboration du festival R\u00e9el par les jeunes de Villeurbanne, les demandes de lutte contre les VSS (violences sexistes et sexuelles) ont \u00e9t\u00e9 pr\u00e9pond\u00e9rantes dans le travail collectif. La sensibilit\u00e9&#8230;<\/p>\n","protected":false},"author":1,"featured_media":0,"comment_status":"open","ping_status":"open","sticky":false,"template":"","format":"standard","meta":[],"categories":[1],"tags":[57],"_links":{"self":[{"href":"https:\/\/villeurbanne-insoumise-ensemble.fr\/index.php?rest_route=\/wp\/v2\/posts\/1814"}],"collection":[{"href":"https:\/\/villeurbanne-insoumise-ensemble.fr\/index.php?rest_route=\/wp\/v2\/posts"}],"about":[{"href":"https:\/\/villeurbanne-insoumise-ensemble.fr\/index.php?rest_route=\/wp\/v2\/types\/post"}],"author":[{"embeddable":true,"href":"https:\/\/villeurbanne-insoumise-ensemble.fr\/index.php?rest_route=\/wp\/v2\/users\/1"}],"replies":[{"embeddable":true,"href":"https:\/\/villeurbanne-insoumise-ensemble.fr\/index.php?rest_route=%2Fwp%2Fv2%2Fcomments&post=1814"}],"version-history":[{"count":1,"href":"https:\/\/villeurbanne-insoumise-ensemble.fr\/index.php?rest_route=\/wp\/v2\/posts\/1814\/revisions"}],"predecessor-version":[{"id":1815,"href":"https:\/\/villeurbanne-insoumise-ensemble.fr\/index.php?rest_route=\/wp\/v2\/posts\/1814\/revisions\/1815"}],"wp:attachment":[{"href":"https:\/\/villeurbanne-insoumise-ensemble.fr\/index.php?rest_route=%2Fwp%2Fv2%2Fmedia&parent=1814"}],"wp:term":[{"taxonomy":"category","embeddable":true,"href":"https:\/\/villeurbanne-insoumise-ensemble.fr\/index.php?rest_route=%2Fwp%2Fv2%2Fcategories&post=1814"},{"taxonomy":"post_tag","embeddable":true,"href":"https:\/\/villeurbanne-insoumise-ensemble.fr\/index.php?rest_route=%2Fwp%2Fv2%2Ftags&post=1814"}],"curies":[{"name":"wp","href":"https:\/\/api.w.org\/{rel}","templated":true}]}}