{"id":1811,"date":"2024-05-30T09:06:57","date_gmt":"2024-05-30T07:06:57","guid":{"rendered":"https:\/\/villeurbanne-insoumise-ensemble.fr\/?p=1811"},"modified":"2024-05-30T09:24:10","modified_gmt":"2024-05-30T07:24:10","slug":"comment-lenquete-de-lassemblee-citoyenne-va-t-elle-se-concretiser","status":"publish","type":"post","link":"https:\/\/villeurbanne-insoumise-ensemble.fr\/?p=1811","title":{"rendered":"Comment l&#8217;enqu\u00eate de l&#8217;Assembl\u00e9e Citoyenne va-t-elle se concr\u00e9tiser ?"},"content":{"rendered":"\n<p><em>Par Marc GIOUSE<\/em><\/p>\n\n\n\n<figure class=\"wp-block-embed is-type-video is-provider-youtube wp-block-embed-youtube wp-embed-aspect-16-9 wp-has-aspect-ratio\"><div class=\"wp-block-embed__wrapper\">\n<iframe loading=\"lazy\" title=\"Marc GIOUSE - Comment l&#039;enqu\u00eate de l&#039;Assembl\u00e9e citoyenne va-t-elle se concr\u00e9tiser ?\" width=\"640\" height=\"360\" src=\"https:\/\/www.youtube.com\/embed\/gcqdzOis8Mo?feature=oembed\" frameborder=\"0\" allow=\"accelerometer; autoplay; clipboard-write; encrypted-media; gyroscope; picture-in-picture; web-share\" referrerpolicy=\"strict-origin-when-cross-origin\" allowfullscreen><\/iframe>\n<\/div><\/figure>\n\n\n\n<p>Hubert-F\u00e9lix Thi\u00e9faine dit, dans l\u2019une de ses chansons, <em>\u201cC&#8217;est pas parce qu&#8217;on a mis l\u2019pied dedans, qu\u2018il faut y mettre les mains\u201d<\/em>, et pourtant, quand \u00e7a vous arrive, vous n\u2019avez pas le choix\u2026si vous ne voulez pas empuanter votre appartement !&nbsp;<\/p>\n\n\n\n<p>La rage des pi\u00e9tons d\u2019un c\u00f4t\u00e9, de l\u2019autre la frustration des propri\u00e9taires de canid\u00e9s qui estiment que la ville ne donne pas, \u00e0 leur animal de compagnie, la place qu\u2019il m\u00e9rite. Bref, les chiens et leurs d\u00e9jections, c&#8217;est une probl\u00e9matique qui laisse (sans jeu de mot) tr\u00e8s peu de Villeurbannais indiff\u00e9rents et qui pose la question de l&#8217;usage et du partage de l&#8217;espace public. En la mati\u00e8re, l&#8217;Assembl\u00e9e Citoyenne Villeurbannaise a fait un tr\u00e8s beau boulot ; elle propose d&#8217;identifier plus pr\u00e9cis\u00e9ment les conflits d&#8217;usage, de mieux partager la fr\u00e9quentation des parcs, de pr\u00e9venir par l&#8217;\u00e9ducation les comportements incivils et, dans un second temps, de les sanctionner.<\/p>\n\n\n\n<p>A ces pistes de travail, nous souhaitons ajouter l&#8217;installation \u00e9ventuelle de caninettes. Le mot caninette s&#8217;affiche sur 600 panonceaux, install\u00e9s \u00e0 travers toute la ville de&nbsp;Gen\u00e8ve. Chaque panneau qui annonce une caninette est \u00e9quip\u00e9 d&#8217;un distributeur gratuit de sacs en plastique biod\u00e9gradables qui permettent, aux ma\u00eetres et ma\u00eetresses de chiens, de ramasser les d\u00e9jections de leur animal et de les d\u00e9poser dans la poubelle compl\u00e9tant l&#8217;\u00e9quipement. Gen\u00e8ve est \u00e0 deux heures de train&nbsp;; peut-\u00eatre que ce serait aussi int\u00e9ressant d\u2019aller visiter une ville fran\u00e7aise qui est bien class\u00e9e dans le classement auquel il est fait r\u00e9f\u00e9rence juste \u00e0 l\u2019instant.<\/p>\n\n\n\n<p>L&#8217;Assembl\u00e9e citoyenne a fait tout une s\u00e9rie d\u2019autres propositions concernant les devoirs et les droits des chiens dans la ville. Les deux porte-parole les ont r\u00e9sum\u00e9es avec talent tout \u00e0 l\u2019heure dans la vid\u00e9o. On en retient pour notre part deux, qui nous ont vraiment marqu\u00e9es :<\/p>\n\n\n\n<ul><li>Cr\u00e9er une f\u00eate annuelle des animaux (et pourquoi pas dans le parc aux H\u00e9rissons)<\/li><li>Permettre aux propri\u00e9taires fragilis\u00e9s de sauvegarder la relation avec leur chien quand ils entrent dans des lieux d&#8217;h\u00e9bergement sp\u00e9cialis\u00e9s, comme c\u2019est d\u2019ailleurs d\u00e9j\u00e0 le cas, c\u2019est d\u00e9j\u00e0 possible, dans le lieu d&#8217;accueil villeurbannais &#8220;Zone Libre&#8221;.<\/li><\/ul>\n\n\n\n<p>Et maintenant, comment l\u2019enqu\u00eate de l\u2019ACV va-t-elle se concr\u00e9tiser ? Il est pr\u00e9vu que les membres de l\u2019ACV viennent pr\u00e9senter leur travail lors d\u2019un prochain conseil municipal. Pr\u00e9vu aussi que le CM s\u2019en saisisse. La formule nous semble vague. Nous proposons nous, les \u00e9lu.es des groupes VIE&nbsp;! et Communistes et R\u00e9publicains, que le travail citoyen ne s&#8217;arr\u00eate pas l\u00e0&nbsp;; &nbsp;que l&#8217;ACV, en continuant \u00e0 s&#8217;appuyer sur les comp\u00e9tences des techniciens des services et des \u00e9lu.es directement concern\u00e9\u00b7es, fassent dans un d\u00e9lais raisonnable des propositions concr\u00e8tes et chiffr\u00e9es. En d&#8217;autres termes, que ces citoyens et citoyennes inform\u00e9.es et form\u00e9.es \u00e9laborent (avec l&#8217;aide des \u00e9lus et des services) de v\u00e9ritables d\u00e9lib\u00e9rations. Et que ces d\u00e9lib\u00e9rations que le conseil municipal en discute et les votent. Pour une fois, poussons la d\u00e9mocratie participative jusqu&#8217;au bout !<\/p>\n\n\n\n<p>Cher\u00b7es coll\u00e8gues, si une majorit\u00e9 d&#8217;entre vous soutenait cette proposition, alors le conseil municipal de Villeurbanne s\u2019engagerait dans une forme de gestion d\u00e9mocratique qui aurait vraiment du chien.<\/p>\n","protected":false},"excerpt":{"rendered":"<p>Par Marc GIOUSE Hubert-F\u00e9lix Thi\u00e9faine dit, dans l\u2019une de ses chansons, \u201cC&#8217;est pas parce qu&#8217;on a mis l\u2019pied dedans, qu\u2018il faut y mettre les mains\u201d, et pourtant, quand \u00e7a vous arrive, vous n\u2019avez pas le choix\u2026si vous ne voulez pas empuanter votre appartement !&nbsp; La rage des pi\u00e9tons d\u2019un c\u00f4t\u00e9, de l\u2019autre la frustration des&#8230;<\/p>\n","protected":false},"author":1,"featured_media":0,"comment_status":"open","ping_status":"open","sticky":false,"template":"","format":"standard","meta":[],"categories":[1],"tags":[36,183],"_links":{"self":[{"href":"https:\/\/villeurbanne-insoumise-ensemble.fr\/index.php?rest_route=\/wp\/v2\/posts\/1811"}],"collection":[{"href":"https:\/\/villeurbanne-insoumise-ensemble.fr\/index.php?rest_route=\/wp\/v2\/posts"}],"about":[{"href":"https:\/\/villeurbanne-insoumise-ensemble.fr\/index.php?rest_route=\/wp\/v2\/types\/post"}],"author":[{"embeddable":true,"href":"https:\/\/villeurbanne-insoumise-ensemble.fr\/index.php?rest_route=\/wp\/v2\/users\/1"}],"replies":[{"embeddable":true,"href":"https:\/\/villeurbanne-insoumise-ensemble.fr\/index.php?rest_route=%2Fwp%2Fv2%2Fcomments&post=1811"}],"version-history":[{"count":2,"href":"https:\/\/villeurbanne-insoumise-ensemble.fr\/index.php?rest_route=\/wp\/v2\/posts\/1811\/revisions"}],"predecessor-version":[{"id":1813,"href":"https:\/\/villeurbanne-insoumise-ensemble.fr\/index.php?rest_route=\/wp\/v2\/posts\/1811\/revisions\/1813"}],"wp:attachment":[{"href":"https:\/\/villeurbanne-insoumise-ensemble.fr\/index.php?rest_route=%2Fwp%2Fv2%2Fmedia&parent=1811"}],"wp:term":[{"taxonomy":"category","embeddable":true,"href":"https:\/\/villeurbanne-insoumise-ensemble.fr\/index.php?rest_route=%2Fwp%2Fv2%2Fcategories&post=1811"},{"taxonomy":"post_tag","embeddable":true,"href":"https:\/\/villeurbanne-insoumise-ensemble.fr\/index.php?rest_route=%2Fwp%2Fv2%2Ftags&post=1811"}],"curies":[{"name":"wp","href":"https:\/\/api.w.org\/{rel}","templated":true}]}}